{"id":69258,"date":"2019-12-03T11:20:00","date_gmt":"2019-12-03T16:20:00","guid":{"rendered":"https:\/\/linitiative.ca\/International\/ouled-boughalem-manque-flagrant-de-transport-scolaire\/"},"modified":"2019-12-03T11:20:00","modified_gmt":"2019-12-03T16:20:00","slug":"ouled-boughalem-manque-flagrant-de-transport-scolaire","status":"publish","type":"post","link":"https:\/\/linitiative.ca\/International\/ouled-boughalem-manque-flagrant-de-transport-scolaire\/","title":{"rendered":"OULED BOUGHALEM : Manque flagrant de transport scolaire"},"content":{"rendered":"<p><br id=\"sep_para_1\" class=\"sep_para access\"\/><\/p>\n<div id=\"para_1\" class=\"para_34332559 resize\">\n<div class=\"texte access firstletter\">Encore une fois, les lyc\u00e9ens et les coll\u00e9giens de la commune d\u2019Ouled Boughalem, situ\u00e9e \u00e0 l\u2019extr\u00eame Est de la wilaya de Mostaganem, sont confront\u00e9s \u00e0 un \u00e9pineux probl\u00e8me de transport pour rallier leurs \u00e9tablissements scolaires. Les quatre minibus de la solidarit\u00e9, affect\u00e9s \u00e0 cette commune, ne suffisent pas pour satisfaire les besoins, en mati\u00e8re de transport scolaire des douze douars, dont certains \u00e0 relief accident\u00e9, sont situ\u00e9s au bas des montagnes du Dahra, comme El-Assamnia, Ouled Haddou, Bouzaguaret et Ouled Benziane. Si chacun de ces douars disposait d\u2019une \u00e9cole primaire, cela faciliterait amplement la scolarisation des enfants de ces paliers. Les \u00e9l\u00e8ves des cycles moyens et secondaires trouvent d\u2019\u00e9normes difficult\u00e9s \u00e0 se rendre \u00e0 leurs \u00e9tablissements, situ\u00e9s au chef-lieu de la commune. Tous les matins, des centaines de filles et gar\u00e7ons issus de ces hameaux lointains, d\u00e9gourdis et avides \u00e0 suivre leur scolarit\u00e9, sont dans l\u2019obligation de parcourir \u00e0 pied, les quelques kilom\u00e8tres qui s\u00e9parent leurs domiciles, enclav\u00e9s et lointains, pour atteindre la chauss\u00e9e goudronn\u00e9e, afin de prendre le bus et rejoindre leurs \u00e9tablissements. Pendant les intemp\u00e9ries, ces enfants sont contraints de s\u00e9cher carr\u00e9ment les cours et ainsi sacrifier leur droit \u00e0 l\u2019\u00e9ducation. Devant ce d\u00e9ficit chronique en moyens de transports scolaires, les \u00e9l\u00e8ves sont contraints de prendre les bus de transport public. Ces transporteurs exasp\u00e8rent davantage la col\u00e8re et le d\u00e9sarroi des parents d\u2019\u00e9l\u00e8ves, puisque le tarif appliqu\u00e9 a \u00e9t\u00e9 augment\u00e9 de 100%. Cette situation n\u2019arrange gu\u00e8re les familles en difficult\u00e9 dont, la majorit\u00e9, ont plusieurs enfants scolaris\u00e9s. Les parents affirment que ces conditions de scolarit\u00e9 lamentables, endur\u00e9es par leurs enfants, perturbent consid\u00e9rablement leur cursu et influent n\u00e9gativement sur leurs r\u00e9sultats. C&rsquo;est pourquoi, ils esp\u00e8rent un renforcement en moyens de transports scolaires, afin que ces \u00e9l\u00e8ves puissent \u00e9tudier dans de meilleures conditions.\u00a0\u00a0\u00a0\u00a0\u00a0\u00a0\u00a0\u00a0\u00a0\u00a0\u00a0<\/div>\n<\/div>\n<p>Auteur: Smain<br \/>\n<a href=\"https:\/\/www.reflexiondz.net\/OULED-BOUGHALEM-Manque-flagrant-de-transport-scolaire_a59179.html\">Cliquez ici pour lire l&rsquo;article depuis sa source.<\/a><\/p>\n","protected":false},"excerpt":{"rendered":"<p>Encore une fois, les lyc\u00e9ens et les coll\u00e9giens de la commune d\u2019Ouled Boughalem, situ\u00e9e \u00e0 l\u2019extr\u00eame Est de la wilaya de Mostaganem, sont confront\u00e9s \u00e0 un \u00e9pineux probl\u00e8me de transport pour rallier leurs \u00e9tablissements scolaires. Les quatre minibus de la solidarit\u00e9, affect\u00e9s \u00e0 cette commune, ne suffisent pas pour satisfaire les besoins, en mati\u00e8re de [&hellip;]<\/p>\n","protected":false},"author":1740,"featured_media":0,"comment_status":"closed","ping_status":"closed","sticky":false,"template":"","format":"standard","meta":{"fifu_image_url":"","fifu_image_alt":"","footnotes":""},"categories":[53,76],"tags":[],"class_list":["post-69258","post","type-post","status-publish","format-standard","hentry","category-algerie","category-regions"],"_links":{"self":[{"href":"https:\/\/linitiative.ca\/International\/wp-json\/wp\/v2\/posts\/69258","targetHints":{"allow":["GET"]}}],"collection":[{"href":"https:\/\/linitiative.ca\/International\/wp-json\/wp\/v2\/posts"}],"about":[{"href":"https:\/\/linitiative.ca\/International\/wp-json\/wp\/v2\/types\/post"}],"author":[{"embeddable":true,"href":"https:\/\/linitiative.ca\/International\/wp-json\/wp\/v2\/users\/1740"}],"replies":[{"embeddable":true,"href":"https:\/\/linitiative.ca\/International\/wp-json\/wp\/v2\/comments?post=69258"}],"version-history":[{"count":0,"href":"https:\/\/linitiative.ca\/International\/wp-json\/wp\/v2\/posts\/69258\/revisions"}],"wp:attachment":[{"href":"https:\/\/linitiative.ca\/International\/wp-json\/wp\/v2\/media?parent=69258"}],"wp:term":[{"taxonomy":"category","embeddable":true,"href":"https:\/\/linitiative.ca\/International\/wp-json\/wp\/v2\/categories?post=69258"},{"taxonomy":"post_tag","embeddable":true,"href":"https:\/\/linitiative.ca\/International\/wp-json\/wp\/v2\/tags?post=69258"}],"curies":[{"name":"wp","href":"https:\/\/api.w.org\/{rel}","templated":true}]}}