{"id":69260,"date":"2019-12-03T11:20:00","date_gmt":"2019-12-03T16:20:00","guid":{"rendered":"https:\/\/linitiative.ca\/International\/tissemsilt-un-demi-quintal-de-viande-impropre-a-la-consommation-saisi\/"},"modified":"2019-12-03T11:20:00","modified_gmt":"2019-12-03T16:20:00","slug":"tissemsilt-un-demi-quintal-de-viande-impropre-a-la-consommation-saisi","status":"publish","type":"post","link":"https:\/\/linitiative.ca\/International\/tissemsilt-un-demi-quintal-de-viande-impropre-a-la-consommation-saisi\/","title":{"rendered":"TISSEMSILT : Un demi-quintal de viande  impropre \u00e0 la consommation saisi"},"content":{"rendered":"<p><br id=\"sep_para_1\" class=\"sep_para access\"\/><\/p>\n<div id=\"para_1\" class=\"para_34332516 resize\">\n<div class=\"texte access firstletter\">\u00a0Une quantit\u00e9 d&rsquo;un demi-quintal (50 kilogrammes) de viande de volaille impropre \u00e0 la consommation a \u00e9t\u00e9 saisie au niveau du centre-ville de Tissemsilt par les \u00e9l\u00e9ments de la PUP relevant de la s\u00fbret\u00e9 de wilaya, a-t-on appris aupr\u00e8s de la cellule de communication\u00a0 de la s\u00fbret\u00e9 de wilaya. En effet, les \u00e9l\u00e9ments de la police qui effectuaient en cette fin de semaine une patrouille ordinaire au niveau de la ville ont pu intercepter une voiture frigorifique douteuse et apr\u00e8s v\u00e9rification, il s\u2019est av\u00e9r\u00e9 que le conducteur transportait de la viande de poulet avari\u00e9e qu\u2019il comptait vendre probablement aux restaurateurs aux fins de r\u00f4tir les poulets, cette viande dont la source reste inconnue , ne dispose m\u00eame pas d\u2019un certificat v\u00e9t\u00e9rinaire. Les services de police ont aussit\u00f4t transf\u00e9r\u00e9 la marchandise suspecte au bureau d\u2019hygi\u00e8ne communal, o\u00f9 il sera vite confirm\u00e9 par un v\u00e9t\u00e9rinaire que cette viande blanche de 50 kilogrammes, saisie est impropre \u00e0 la consommation, soulignant enfin que la marchandise saisie a \u00e9t\u00e9 d\u00e9truite, les services de la s\u00fbret\u00e9 ont dress\u00e9 un proc\u00e8s-verbal en vue d\u2019engager une proc\u00e9dure judiciaire pr\u00e8s le tribunal de Tissemsilt pour absence de conditions de transport et d\u2019emballage de viande, absence de certificat v\u00e9t\u00e9rinaire et commercialisation de viande blanche impropre \u00e0 la consommation.\u00a0\u00a0\u00a0\u00a0\u00a0\u00a0\u00a0<\/div>\n<\/div>\n<p>Auteur: A.Ould El Hadri<br \/>\n<a href=\"https:\/\/www.reflexiondz.net\/TISSEMSILT-Un-demi-quintal-de-viande-impropre-a-la-consommation-saisi_a59174.html\">Cliquez ici pour lire l&rsquo;article depuis sa source.<\/a><\/p>\n","protected":false},"excerpt":{"rendered":"<p>\u00a0Une quantit\u00e9 d&rsquo;un demi-quintal (50 kilogrammes) de viande de volaille impropre \u00e0 la consommation a \u00e9t\u00e9 saisie au niveau du centre-ville de Tissemsilt par les \u00e9l\u00e9ments de la PUP relevant de la s\u00fbret\u00e9 de wilaya, a-t-on appris aupr\u00e8s de la cellule de communication\u00a0 de la s\u00fbret\u00e9 de wilaya. En effet, les \u00e9l\u00e9ments de la police [&hellip;]<\/p>\n","protected":false},"author":1740,"featured_media":0,"comment_status":"closed","ping_status":"closed","sticky":false,"template":"","format":"standard","meta":{"fifu_image_url":"","fifu_image_alt":"","footnotes":""},"categories":[53,76],"tags":[],"class_list":["post-69260","post","type-post","status-publish","format-standard","hentry","category-algerie","category-regions"],"_links":{"self":[{"href":"https:\/\/linitiative.ca\/International\/wp-json\/wp\/v2\/posts\/69260","targetHints":{"allow":["GET"]}}],"collection":[{"href":"https:\/\/linitiative.ca\/International\/wp-json\/wp\/v2\/posts"}],"about":[{"href":"https:\/\/linitiative.ca\/International\/wp-json\/wp\/v2\/types\/post"}],"author":[{"embeddable":true,"href":"https:\/\/linitiative.ca\/International\/wp-json\/wp\/v2\/users\/1740"}],"replies":[{"embeddable":true,"href":"https:\/\/linitiative.ca\/International\/wp-json\/wp\/v2\/comments?post=69260"}],"version-history":[{"count":0,"href":"https:\/\/linitiative.ca\/International\/wp-json\/wp\/v2\/posts\/69260\/revisions"}],"wp:attachment":[{"href":"https:\/\/linitiative.ca\/International\/wp-json\/wp\/v2\/media?parent=69260"}],"wp:term":[{"taxonomy":"category","embeddable":true,"href":"https:\/\/linitiative.ca\/International\/wp-json\/wp\/v2\/categories?post=69260"},{"taxonomy":"post_tag","embeddable":true,"href":"https:\/\/linitiative.ca\/International\/wp-json\/wp\/v2\/tags?post=69260"}],"curies":[{"name":"wp","href":"https:\/\/api.w.org\/{rel}","templated":true}]}}