{"id":69261,"date":"2019-12-03T13:34:00","date_gmt":"2019-12-03T18:34:00","guid":{"rendered":"https:\/\/linitiative.ca\/International\/les-candidats-face-au-piege-du-debat-televise\/"},"modified":"2019-12-03T13:34:00","modified_gmt":"2019-12-03T18:34:00","slug":"les-candidats-face-au-piege-du-debat-televise","status":"publish","type":"post","link":"https:\/\/linitiative.ca\/International\/les-candidats-face-au-piege-du-debat-televise\/","title":{"rendered":"Les candidats face au pi\u00e8ge du d\u00e9bat t\u00e9l\u00e9vis\u00e9"},"content":{"rendered":"<p><br id=\"sep_para_1\" class=\"sep_para access\"\/><\/p>\n<div id=\"para_1\" class=\"para_34334865 resize\">\n<div class=\"photo shadow left\"><a href=\"javascript:void(0)\" rel=\"https:\/\/www.reflexiondz.net\/photo\/art\/grande\/40373805-34334865.jpg?v=1575399095&#038;ibox\" title=\"Les candidats face au pi\u00e8ge du d\u00e9bat t\u00e9l\u00e9vis\u00e9\"><img decoding=\"async\" class=\"responsive c9\" src=\"https:\/\/www.reflexiondz.net\/photo\/art\/grande\/40373805-34334865.jpg?v=1575399095\" alt=\"Les candidats face au pi\u00e8ge du d\u00e9bat t\u00e9l\u00e9vis\u00e9\" title=\"Les candidats face au pi\u00e8ge du d\u00e9bat t\u00e9l\u00e9vis\u00e9\"\/><img decoding=\"async\" class=\"not-responsive\" src=\"https:\/\/www.reflexiondz.net\/photo\/art\/default\/40373805-34334865.jpg?v=1575399096\" alt=\"Les candidats face au pi\u00e8ge du d\u00e9bat t\u00e9l\u00e9vis\u00e9\" title=\"Les candidats face au pi\u00e8ge du d\u00e9bat t\u00e9l\u00e9vis\u00e9\"\/><\/a><\/div>\n<div class=\"texte access firstletter\">Qui devrait s\u2019assoir sur le fauteuil d\u2019El-Mouradia ? Vacant depuis plusieurs mois, le si\u00e8ge de pr\u00e9sident de la R\u00e9publique trouvera un nouvel occupant le 12 d\u00e9cembre prochain \u00e0 l&rsquo;issue de l&rsquo;\u00e9lection pr\u00e9sidentielle.<br \/>Cinq candidats sont en lice. Azzedine Mihoubi (60 ans), ancien ministre de la culture et patron du parti du RND, Ali Benflis (75 ans), ancien chef du gouvernement et leader du parti Talaie El Houriat, Bengrina Abdelkader (57ans) , ancien ministre du tourisme et chef du parti El-bina, Belaid Abdelaziz (56ans) , pr\u00e9sident du parti El Moustakbal et Tebboune Abdelmadjid( 74 ans), ancien premier ministre ,candidat libre.<br \/>Deux pr\u00e9tendants, ont la particularit\u00e9 d\u2019avoir particip\u00e9 deux fois aux anciennes \u00e9lections pr\u00e9sidentielles, Benflis 2004- 2014 et Belaid 2014-mai-2019 et tous les deux ont \u00e9chou\u00e9 face \u00e0 Bouteflika tandis que les trois autres, n\u2019ont jamais r\u00e9v\u00e9l\u00e9 leur ambition de briguer la majustrature supr\u00eame.<br \/>Le chemin vers El-Mouradia semble tr\u00e8s dur, et la t\u00e2che de convaincre les millions d\u2019\u00e9lecteurs s&rsquo;annonce donc tr\u00e8s difficile, mais aussi dans le d\u00e9bat t\u00e9l\u00e9vis\u00e9 annonc\u00e9 pour le vendredi prochain. Un face \u00e0 face, qui va \u00eatre marqu\u00e9 par les questions \u00ab\u00a0d\u00e9rangeantes et sinc\u00e8res\u00a0\u00bb des journalistes, et va d\u00e9v\u00eatir les \u00abpetits candidats \u00a0\u00bb ayant fait le \u00ab\u00a0spectacle\u00a0\u00bb et mettre en pleine lumi\u00e8re les candidats \u2018\u2019 showmen\u2019\u2019 pouvant crever l&rsquo;\u00e9cran\u00a0\u00bb, avec des r\u00e9ponses convaincantes, objectives et sinc\u00e8res sur les principales pr\u00e9rogatives pr\u00e9sidentielles : les r\u00e9formes politiques et \u00e9conomiques, la diplomatie et la s\u00e9curit\u00e9 du pays.<br \/>Comment les cinq candidats pr\u00e9parent-ils leurs interventions pour garder l\u2019image d\u2019un Pr\u00e9sident en pr\u00e9vision du d\u00e9bat t\u00e9l\u00e9vis\u00e9 ? Quel r\u00f4le jouent leurs conseillers dans cet exercice strat\u00e9gique pour d\u00e9corer l\u2019image de leurs candidats pour affronter leurs rivaux dans un d\u00e9bat t\u00e9l\u00e9vis\u00e9 en direct face \u00e0 des millions d\u2019\u00e9lecteurs Alg\u00e9riens, et des contradicteurs qui n\u2019attendent que l\u2019occasion pour descendre en flamme, les mauvais \u2018\u2019r\u00e9pondeurs ! \u2018\u2019<br \/>Les t\u00e9l\u00e9spectateurs vont ainsi voir \u00a0\u00bb le vrai visage des candidats \u2018\u2019.L&rsquo;opinion publique non habitu\u00e9e \u00e0 ce genre de d\u00e9bat t\u00e9l\u00e9vis\u00e9, va vivre une sc\u00e8ne, contradictoire, agit\u00e9e, \u00e9mouvante et parfois insolite. Un d\u00e9bat m\u00e9diatique inhabituel, o\u00f9 les candidats n\u2019auront plus le temps de pr\u00e9parer le discours flatteur, et les vrai-faux opposants \u00e0 l\u2019ancien syst\u00e8me, souvent montr\u00e9s comme victimes de Bouteflika devront le prouver sur le plateau de la t\u00e9l\u00e9vision ! \u00a0<\/div>\n<\/div>\n<p>Auteur: Belkacem .B<br \/>\n<a href=\"https:\/\/www.reflexiondz.net\/Les-candidats-face-au-piege-du-debat-televise_a59193.html\">Cliquez ici pour lire l&rsquo;article depuis sa source.<\/a><\/p>\n","protected":false},"excerpt":{"rendered":"<p>Qui devrait s\u2019assoir sur le fauteuil d\u2019El-Mouradia ? Vacant depuis plusieurs mois, le si\u00e8ge de pr\u00e9sident de la R\u00e9publique trouvera un nouvel occupant le 12 d\u00e9cembre prochain \u00e0 l&rsquo;issue de l&rsquo;\u00e9lection pr\u00e9sidentielle.Cinq candidats sont en lice. Azzedine Mihoubi (60 ans), ancien ministre de la culture et patron du parti du RND, Ali Benflis (75 ans), [&hellip;]<\/p>\n","protected":false},"author":1740,"featured_media":0,"comment_status":"closed","ping_status":"closed","sticky":false,"template":"","format":"standard","meta":{"fifu_image_url":"","fifu_image_alt":"","footnotes":""},"categories":[53,76],"tags":[],"class_list":["post-69261","post","type-post","status-publish","format-standard","hentry","category-algerie","category-regions"],"_links":{"self":[{"href":"https:\/\/linitiative.ca\/International\/wp-json\/wp\/v2\/posts\/69261","targetHints":{"allow":["GET"]}}],"collection":[{"href":"https:\/\/linitiative.ca\/International\/wp-json\/wp\/v2\/posts"}],"about":[{"href":"https:\/\/linitiative.ca\/International\/wp-json\/wp\/v2\/types\/post"}],"author":[{"embeddable":true,"href":"https:\/\/linitiative.ca\/International\/wp-json\/wp\/v2\/users\/1740"}],"replies":[{"embeddable":true,"href":"https:\/\/linitiative.ca\/International\/wp-json\/wp\/v2\/comments?post=69261"}],"version-history":[{"count":0,"href":"https:\/\/linitiative.ca\/International\/wp-json\/wp\/v2\/posts\/69261\/revisions"}],"wp:attachment":[{"href":"https:\/\/linitiative.ca\/International\/wp-json\/wp\/v2\/media?parent=69261"}],"wp:term":[{"taxonomy":"category","embeddable":true,"href":"https:\/\/linitiative.ca\/International\/wp-json\/wp\/v2\/categories?post=69261"},{"taxonomy":"post_tag","embeddable":true,"href":"https:\/\/linitiative.ca\/International\/wp-json\/wp\/v2\/tags?post=69261"}],"curies":[{"name":"wp","href":"https:\/\/api.w.org\/{rel}","templated":true}]}}