{"id":69267,"date":"2019-12-03T01:53:00","date_gmt":"2019-12-03T06:53:00","guid":{"rendered":"https:\/\/linitiative.ca\/International\/qui-est-philipppe-wattecamps-nouveau-directeur-general-de-la-btk\/"},"modified":"2019-12-03T01:53:00","modified_gmt":"2019-12-03T06:53:00","slug":"qui-est-philipppe-wattecamps-nouveau-directeur-general-de-la-btk","status":"publish","type":"post","link":"https:\/\/linitiative.ca\/International\/qui-est-philipppe-wattecamps-nouveau-directeur-general-de-la-btk\/","title":{"rendered":"Qui est Philipppe Wattecamps, nouveau directeur g\u00e9n\u00e9ral de la BTK"},"content":{"rendered":"<p>Le voil\u00e0 de nouveau \u00e0 Tunis, et \u00e0 la BTK, d\u00e9sormais son directeur g\u00e9n\u00e9ral. Philippe Wattecamps qui a pris ce lundi 2 d\u00e9cembre ses nouvelles fonctions \u00e0 la t\u00eate de la direction g\u00e9n\u00e9rale de la Banque Tuniso-Koweitienne conna\u00eet bien la maison. Il y avait \u00e9t\u00e9 d\u00e9p\u00each\u00e9 en extr\u00eame urgence, d\u00e9but 2011, pour assurer en tant qu\u2019int\u00e9rimaire la rel\u00e8ve de Abdelghaffar Ezzedine. Directeur g\u00e9n\u00e9ral de l&rsquo;historique BTKD, Azzeddine y avait \u00e9t\u00e9 nomm\u00e9 de nouveau en 1996 pour la transformer en banque universelle (BTK) et la pr\u00e9parer \u00e0 la cession d&rsquo;un bloc majoritaire de son capital (60%).\u00a0Il y r\u00e9ussira, parvenant \u00e0 faire rallier le Groupe BPCE (alors sous Charles Milhaud) qui en avait consenti un prix fort, le \u00ab\u00a0prix de l&rsquo;amour\u00a0\u00bb comme l&rsquo;avait alors qualifi\u00e9 Habib Karaouli (BAT), charg\u00e9 de piloter l&rsquo;op\u00e9ration.<\/p>\n<p>Neuf ans apr\u00e8s, Philippe Wattecamps est de retour, avenue Mohamed V, apr\u00e8s avoir fait un d\u00e9tour par l\u2019\u00eele Maurice et le Cameroun. Il \u00e9tait en effet jusque-l\u00e0 directeur g\u00e9n\u00e9ral de la Banque des Mascareignes (BM) \u00e0 Port-Louis (2014 \u2013 2018, pr\u00e9sidant \u00e9galement une filiale \u00e0 Madgascar), puis de la Banque Internationale du Cameroun pour l\u2019Epargne et le Cr\u00e9dit (BICEC), \u00e0 Yaound\u00e9.<\/p>\n<p>Wattercamps succ\u00e8de dans ses nouvelles fonctions \u00e0 Bernard Fr\u00e9mont. Le conseil d\u2019administration de la BTK est pr\u00e9sid\u00e9 par <a href=\"https:\/\/www.leaders.com.tn\/article\/18454-samir-saied-nouveau-directeur-stb\" target=\"_blank\" rel=\"noopener noreferrer\">Samir Saied<\/a>, ancien directeur g\u00e9n\u00e9ral de la STB. Portrait.<\/p>\n<h2>L&rsquo;Hexagone, puis le grand large<\/h2>\n<p>En bon Breton (natif de Rennes) qui a le pied marin aime bourlinguer sans crainte en haute mer et sait conduire son navire \u00e0 bon port, Philippe Wattecamps d\u00e9barque \u00e0 Tunis d\u2019un pas confiant. Juriste, titulaire d\u2019un mast\u00e8re en droit des affaires obtenu \u00e0 Toulouse, et d\u2019un dipl\u00f4me en sciences politiques, section \u00e9conomique et financi\u00e8re, de l\u2019IEP Toulouse, il mettra le pied \u00e0 l\u2019\u00e9trier en 1982 au sein de la Soci\u00e9t\u00e9 G\u00e9n\u00e9rale, ira \u00e0 Nantes, puis s\u2019installera \u00e0 Paris. Cinq ans apr\u00e8s, il rejoindra en 1987 le groupe BPCE qui fusionnera plus tard avec les Banques populaires.<\/p>\n<p>Audit, inspection, supervision des agences, puis des filiales, affectations en r\u00e9gions (Maine Normandie) Philippe Wattecamps sera directeur central de l\u2019exploitation pour l\u2019Ouest, avec si\u00e8ge dans sa ville natale de Rennes.<\/p>\n<h2>Le 14 janvier a chang\u00e9 son parcours, lui aussi<\/h2>\n<p>La r\u00e9volution tunisienne lui ouvrira la voie du large, lui faisant traverser la m\u00e9diterran\u00e9e pour l\u2019emmener \u00e0 Tunis, avant de le propulser d\u00e8s 2014 dans l\u2019Oc\u00e9an indien. Sa mission \u00e0 la BTK ne sera gu\u00e8re de tout repos. Il prend les commandes au moment o\u00f9 la banque traverse des mutations profondes \u00e0 la faveur d\u2019une nouvelle architecture de son actionnariat, le Groupe BPCE, actionnaire majoritaire (60%) avait annonc\u00e9 son intention de finaliser la cession de ses parts, alors que les deux autres actionnaires, l\u2019Etat tunisien et celui du Koweit n\u2019ont pas encore fix\u00e9 leur position d\u00e9finitive.<\/p>\n<p>La BTK, convertie en banque universelle, et rest\u00e9e de petite taille tant en PNB que r\u00e9seau, se doit \u00e9galement de revoir sa strat\u00e9gie. Mais il y a aussi tant de mauvais souvenirs accumul\u00e9s ses derni\u00e8res ann\u00e9es \u00e0 effacer et des relations sociales tendues \u00e0 apaiser. L\u2019arriv\u00e9e \u00e0 la t\u00eate de son conseil d\u2019administration de Samir Saied, ancien directeur g\u00e9n\u00e9ral de la STB, constitue un appoint pr\u00e9cieux. Bon vent!<\/p>\n<p class=\"c2\"><strong>T.H.<\/strong><\/p>\n<p>Auteur:<br \/>\n<a href=\"https:\/\/www.leaders.com.tn\/article\/28541-qui-est-philipppe-wattecamps-nouveau-directeur-general-de-la-btk\">Cliquez ici pour lire l&rsquo;article depuis sa source.<\/a><\/p>\n","protected":false},"excerpt":{"rendered":"<p>Le voil\u00e0 de nouveau \u00e0 Tunis, et \u00e0 la BTK, d\u00e9sormais son directeur g\u00e9n\u00e9ral. Philippe Wattecamps qui a pris ce lundi 2 d\u00e9cembre ses nouvelles fonctions \u00e0 la t\u00eate de la direction g\u00e9n\u00e9rale de la Banque Tuniso-Koweitienne conna\u00eet bien la maison. Il y avait \u00e9t\u00e9 d\u00e9p\u00each\u00e9 en extr\u00eame urgence, d\u00e9but 2011, pour assurer en tant [&hellip;]<\/p>\n","protected":false},"author":1772,"featured_media":0,"comment_status":"closed","ping_status":"closed","sticky":false,"template":"","format":"standard","meta":{"fifu_image_url":"","fifu_image_alt":"","footnotes":""},"categories":[73,55],"tags":[],"class_list":["post-69267","post","type-post","status-publish","format-standard","hentry","category-actualite","category-tunisie"],"_links":{"self":[{"href":"https:\/\/linitiative.ca\/International\/wp-json\/wp\/v2\/posts\/69267","targetHints":{"allow":["GET"]}}],"collection":[{"href":"https:\/\/linitiative.ca\/International\/wp-json\/wp\/v2\/posts"}],"about":[{"href":"https:\/\/linitiative.ca\/International\/wp-json\/wp\/v2\/types\/post"}],"author":[{"embeddable":true,"href":"https:\/\/linitiative.ca\/International\/wp-json\/wp\/v2\/users\/1772"}],"replies":[{"embeddable":true,"href":"https:\/\/linitiative.ca\/International\/wp-json\/wp\/v2\/comments?post=69267"}],"version-history":[{"count":0,"href":"https:\/\/linitiative.ca\/International\/wp-json\/wp\/v2\/posts\/69267\/revisions"}],"wp:attachment":[{"href":"https:\/\/linitiative.ca\/International\/wp-json\/wp\/v2\/media?parent=69267"}],"wp:term":[{"taxonomy":"category","embeddable":true,"href":"https:\/\/linitiative.ca\/International\/wp-json\/wp\/v2\/categories?post=69267"},{"taxonomy":"post_tag","embeddable":true,"href":"https:\/\/linitiative.ca\/International\/wp-json\/wp\/v2\/tags?post=69267"}],"curies":[{"name":"wp","href":"https:\/\/api.w.org\/{rel}","templated":true}]}}