{"id":69269,"date":"2019-12-03T11:50:00","date_gmt":"2019-12-03T16:50:00","guid":{"rendered":"https:\/\/linitiative.ca\/International\/lugtt-rendra-hommage-ce-jeudi-a-mohamed-ennaceur-le-pere-du-pacte-social\/"},"modified":"2019-12-03T11:50:00","modified_gmt":"2019-12-03T16:50:00","slug":"lugtt-rendra-hommage-ce-jeudi-a-mohamed-ennaceur-le-pere-du-pacte-social","status":"publish","type":"post","link":"https:\/\/linitiative.ca\/International\/lugtt-rendra-hommage-ce-jeudi-a-mohamed-ennaceur-le-pere-du-pacte-social\/","title":{"rendered":"L&rsquo;UGTT rendra hommage ce jeudi \u00e0 Mohamed Ennaceur, le p\u00e8re du pacte social"},"content":{"rendered":"<p>L\u2019Ugtt honorera ce jeudi 5 d\u00e9cembre Mohamed Ennaceur ancien pr\u00e9sident de la R\u00e9publique par int\u00e9rim en reconnaissance du r\u00f4le qu\u2019il a jou\u00e9 sur le double plan national et social tout au long de sa carri\u00e8re. Le choix de la date n\u2019est pas fortuit. Le 5 d\u00e9cembre, c\u2019est le jour anniversaire de l\u2019assassinat de Ferhat Hached, le fondateur de cette\u00a0 centrale syndicale de laquelle Mohamed Ennaceur a \u00e9t\u00e9 l&rsquo;homme politique tunisien le proche durant durant toute sa carri\u00e8re. En lui elle honorera\u00a0 le p\u00e8re du pacte social, des conventions collectives, celui qui a \u0153uvr\u00e9 lors de sa pr\u00e9sidence du Conseil \u00e9conomique et social \u00e0 ce que cette instance soit un ilot de d\u00e9mocratie o\u00f9 toutes les r\u00e9solutions adopt\u00e9es le soient par consensus et tiennent comptent des int\u00e9r\u00eats des travailleurs, l\u2019homme qui s\u2019est solidaris\u00e9 de l\u2019Ugtt\u00a0 lors des \u00e9v\u00e8nements du 26 janvier 1978 en d\u00e9missionnant du gouvernement, ce qui constituait alors un acte de bravoure puis quitter la carri\u00e8re politique pendant de longues ann\u00e9es.<\/p>\n<p>Auteur:<br \/>\n<a href=\"https:\/\/www.leaders.com.tn\/article\/28545-l-ugtt-rendra-hommage-ce-jeudi-a-mohamed-ennaceur-le-pere-du-pacte-social\">Cliquez ici pour lire l&rsquo;article depuis sa source.<\/a><\/p>\n","protected":false},"excerpt":{"rendered":"<p>L\u2019Ugtt honorera ce jeudi 5 d\u00e9cembre Mohamed Ennaceur ancien pr\u00e9sident de la R\u00e9publique par int\u00e9rim en reconnaissance du r\u00f4le qu\u2019il a jou\u00e9 sur le double plan national et social tout au long de sa carri\u00e8re. Le choix de la date n\u2019est pas fortuit. Le 5 d\u00e9cembre, c\u2019est le jour anniversaire de l\u2019assassinat de Ferhat Hached, [&hellip;]<\/p>\n","protected":false},"author":1772,"featured_media":0,"comment_status":"closed","ping_status":"closed","sticky":false,"template":"","format":"standard","meta":{"fifu_image_url":"","fifu_image_alt":"","footnotes":""},"categories":[73,55],"tags":[],"class_list":["post-69269","post","type-post","status-publish","format-standard","hentry","category-actualite","category-tunisie"],"_links":{"self":[{"href":"https:\/\/linitiative.ca\/International\/wp-json\/wp\/v2\/posts\/69269","targetHints":{"allow":["GET"]}}],"collection":[{"href":"https:\/\/linitiative.ca\/International\/wp-json\/wp\/v2\/posts"}],"about":[{"href":"https:\/\/linitiative.ca\/International\/wp-json\/wp\/v2\/types\/post"}],"author":[{"embeddable":true,"href":"https:\/\/linitiative.ca\/International\/wp-json\/wp\/v2\/users\/1772"}],"replies":[{"embeddable":true,"href":"https:\/\/linitiative.ca\/International\/wp-json\/wp\/v2\/comments?post=69269"}],"version-history":[{"count":0,"href":"https:\/\/linitiative.ca\/International\/wp-json\/wp\/v2\/posts\/69269\/revisions"}],"wp:attachment":[{"href":"https:\/\/linitiative.ca\/International\/wp-json\/wp\/v2\/media?parent=69269"}],"wp:term":[{"taxonomy":"category","embeddable":true,"href":"https:\/\/linitiative.ca\/International\/wp-json\/wp\/v2\/categories?post=69269"},{"taxonomy":"post_tag","embeddable":true,"href":"https:\/\/linitiative.ca\/International\/wp-json\/wp\/v2\/tags?post=69269"}],"curies":[{"name":"wp","href":"https:\/\/api.w.org\/{rel}","templated":true}]}}