{"id":69270,"date":"2019-12-03T13:02:00","date_gmt":"2019-12-03T18:02:00","guid":{"rendered":"https:\/\/linitiative.ca\/International\/bruno-ciroussel-lavant-gardiste-de-lintelligence-artificielle-video\/"},"modified":"2019-12-03T13:02:00","modified_gmt":"2019-12-03T18:02:00","slug":"bruno-ciroussel-lavant-gardiste-de-lintelligence-artificielle-video","status":"publish","type":"post","link":"https:\/\/linitiative.ca\/International\/bruno-ciroussel-lavant-gardiste-de-lintelligence-artificielle-video\/","title":{"rendered":"Bruno Ciroussel: l\u2019avant-gardiste de l\u2019Intelligence Artificielle (Vid\u00e9o)"},"content":{"rendered":"<p>N\u00e9 \u00e0 Lyon en 1964, Bruno Ciroussel, \u00e9l\u00e8ve brillant et ain\u00e9 de trois gar\u00e7ons, a grandi dans un milieu multiculturel. D\u2019origine franco-helvetico-tunisienne, il est aujourd\u2019hui \u00e2g\u00e9 de 54 ans, mari\u00e9 et p\u00e8re de 4 enfants. Bruno Ciroussel est \u00e0 la t\u00eate, en tant qu\u2019actionnaire principal et Directeur G\u00e9n\u00e9ral, de l\u2019entreprise suisse Business Investigation SA, bas\u00e9e entre lac et montagne, proche des organisations internationales et du march\u00e9 \u00e9conomique de Gen\u00e8ve.<\/p>\n<p class=\"c2\"><iframe loading=\"lazy\" src=\"https:\/\/www.youtube.com\/embed\/D7mYhjPOA04\" allow=\"accelerometer; autoplay; encrypted-media; gyroscope; picture-in-picture\" allowfullscreen=\"\" width=\"560\" height=\"315\" frameborder=\"0\">[embedded content]<\/iframe><\/p>\n<p>Issu de diff\u00e9rentes cultures, avec un regard accru sur l\u2019international, Bruno est ce qu&rsquo;on peut qualifier d\u2019avant-gardiste. Passionn\u00e9 par les math\u00e9matiques appliqu\u00e9s depuis son plus jeune \u00e2ge, c\u2019est \u00e0 l\u2019EPFL, (Ecole Politique F\u00e9d\u00e9rale de Lausanne)\u00a0 o\u00f9 il a \u00e9tudi\u00e9, que Bruno a conceptualis\u00e9 une m\u00e9thodologie bas\u00e9e sur le \u2018\u2019Machine Learning\u2019\u2019.<br \/>Alors que l\u2019intelligence artificielle n\u2019\u00e9tait encore qu\u2019\u00e0 ses balbutiements et que seul une \u00e9lite de professionnels s\u2019int\u00e9ressait \u00e0 cet outil futuriste, Bruno avait d\u00e9j\u00e0 compris les perspectives et les enjeux d\u2019une telle technologie innovante. Puis, dans la foul\u00e9e, Bruno a choisi de collaborer, lors de ses recherches, avec les universit\u00e9s et les \u00e9tudiants tunisiens, C\u2019est ainsi qu\u2019il a men\u00e9 \u00e0 bien tous les processus tels que : beta tests, essais, pilotes de premi\u00e8re mise en \u0153uvre.<\/p>\n<p>La Tunisie a toujours \u00e9t\u00e9 un pays cher \u00e0 son c\u0153ur, o\u00f9 il visitait au fil des ann\u00e9es oncles et cousins. Quand il \u00e9tait question de mener \u00e0 bien son projet de d\u00e9veloppement, le choix de revenir aux sources \u00e9tait pour lui une \u00e9vidence.<br \/>C\u2019est alors entre la Tunisie et la Suisse qu\u2019il a conceptualis\u00e9 et fait \u00e9mergerun produit service sur mesure : la plateforme de \u2018\u2019Machine Learning\u2019\u2019\u00a0 (Copernicus 12.7) et la solution de \u2018\u2019Machine Learning\u2019\u2019pr\u00eate \u00e0 l\u2019emploi pour le secteur tertiaire sous le nom de AI-GPS\u00a9.<\/p>\n<p>Cette solution a vu le jour depuis plus de douze ans maintenant. Elle vient faciliter le business de nombreuses PME et soci\u00e9t\u00e9s internationales, dans des domaines tels que le pharma, l\u2019automobile, la sant\u00e9, la banque et les assurances pour ne citer que quelques exemples, et ce, sur diff\u00e9rents continents. A l\u2019\u00e8re de fulgurantes avanc\u00e9es du \u2018\u2019Machine Learning\u2019\u2019, Bruno a r\u00e9ussi \u00e0 se faire une place dans son domaine et voue \u00e0 \u00e9tendre cette m\u00e9thode au plus grand nombre.<\/p>\n<p>Ainsi, apr\u00e8s la Suisse et l\u2019Estonie (Tallin), p\u00f4les pour les march\u00e9s europ\u00e9en, am\u00e9ricain et asiatique, vient aujourd\u2019hui une nouvelle phase de d\u00e9veloppement de ses solutions sur le march\u00e9. Naturellement, une collaboration entre les deux pays si chers \u00e0 Bruno,voit \u00e0 nouveau le jour.<\/p>\n<p>En effet, M. Ciroussel et son associ\u00e9 avaient, au pr\u00e9alable, opt\u00e9 pour le choix d\u2019investir dans une filiale de d\u00e9veloppement \u00e0 Tunis, tourn\u00e9e vers le continent Africain. L\u2019\u00e9quipe s\u2019\u00e9toffe par l\u2019arriv\u00e9e de nouveaux professionnels trilingues (fran\u00e7ais \/ anglais \/ arabe), afin d\u2019assurer un meilleur service sur le march\u00e9 arabophone, consolid\u00e9 par l\u2019ouverture d\u2019un bureau au Qatar par exemple.M. Cirousselet son \u00e9quipe trouventnotamment des ressources et une collaboration de recherches aupr\u00e8s du TBS (Tunisia Business School), en particulier avec le Laboratoire de Badem,comme \u00e9tant sponsor et intervenant.<\/p>\n<p>Auteur:<br \/>\n<a href=\"https:\/\/www.leaders.com.tn\/article\/28546-bruno-ciroussel-l-avant-gardiste-de-l-intelligence-artificielle\">Cliquez ici pour lire l&rsquo;article depuis sa source.<\/a><\/p>\n","protected":false},"excerpt":{"rendered":"<p>N\u00e9 \u00e0 Lyon en 1964, Bruno Ciroussel, \u00e9l\u00e8ve brillant et ain\u00e9 de trois gar\u00e7ons, a grandi dans un milieu multiculturel. D\u2019origine franco-helvetico-tunisienne, il est aujourd\u2019hui \u00e2g\u00e9 de 54 ans, mari\u00e9 et p\u00e8re de 4 enfants. Bruno Ciroussel est \u00e0 la t\u00eate, en tant qu\u2019actionnaire principal et Directeur G\u00e9n\u00e9ral, de l\u2019entreprise suisse Business Investigation SA, bas\u00e9e [&hellip;]<\/p>\n","protected":false},"author":1772,"featured_media":0,"comment_status":"closed","ping_status":"closed","sticky":false,"template":"","format":"standard","meta":{"fifu_image_url":"","fifu_image_alt":"","footnotes":""},"categories":[73,55],"tags":[],"class_list":["post-69270","post","type-post","status-publish","format-standard","hentry","category-actualite","category-tunisie"],"_links":{"self":[{"href":"https:\/\/linitiative.ca\/International\/wp-json\/wp\/v2\/posts\/69270","targetHints":{"allow":["GET"]}}],"collection":[{"href":"https:\/\/linitiative.ca\/International\/wp-json\/wp\/v2\/posts"}],"about":[{"href":"https:\/\/linitiative.ca\/International\/wp-json\/wp\/v2\/types\/post"}],"author":[{"embeddable":true,"href":"https:\/\/linitiative.ca\/International\/wp-json\/wp\/v2\/users\/1772"}],"replies":[{"embeddable":true,"href":"https:\/\/linitiative.ca\/International\/wp-json\/wp\/v2\/comments?post=69270"}],"version-history":[{"count":0,"href":"https:\/\/linitiative.ca\/International\/wp-json\/wp\/v2\/posts\/69270\/revisions"}],"wp:attachment":[{"href":"https:\/\/linitiative.ca\/International\/wp-json\/wp\/v2\/media?parent=69270"}],"wp:term":[{"taxonomy":"category","embeddable":true,"href":"https:\/\/linitiative.ca\/International\/wp-json\/wp\/v2\/categories?post=69270"},{"taxonomy":"post_tag","embeddable":true,"href":"https:\/\/linitiative.ca\/International\/wp-json\/wp\/v2\/tags?post=69270"}],"curies":[{"name":"wp","href":"https:\/\/api.w.org\/{rel}","templated":true}]}}