{"id":69278,"date":"2019-12-03T15:50:01","date_gmt":"2019-12-03T20:50:01","guid":{"rendered":"https:\/\/linitiative.ca\/International\/tunisie-le-ministere-de-linterieur-explique-pourquoi-les-roues-du-bus-accidente-ont-ete-enlevees\/"},"modified":"2019-12-03T15:50:01","modified_gmt":"2019-12-03T20:50:01","slug":"tunisie-le-ministere-de-linterieur-explique-pourquoi-les-roues-du-bus-accidente-ont-ete-enlevees","status":"publish","type":"post","link":"https:\/\/linitiative.ca\/International\/tunisie-le-ministere-de-linterieur-explique-pourquoi-les-roues-du-bus-accidente-ont-ete-enlevees\/","title":{"rendered":"Tunisie \u2013 Le minist\u00e8re de l\u2019Int\u00e9rieur explique pourquoi les roues du bus accident\u00e9 ont \u00e9t\u00e9 enlev\u00e9es"},"content":{"rendered":"<div class=\"post-cont-in left relative\">\n<div class=\"swp_social_panel swp_horizontal_panel swp_flat_fresh swp_default_full_color swp_individual_full_color swp_other_full_color scale-100 scale-\" data-min-width=\"1100\" data-float-color=\"#ffffff\" data-float=\"none\" data-float-mobile=\"none\" data-transition=\"slide\">\n<div class=\"nc_tweetContainer swp_share_button total_shares total_sharesalt\"><span class=\"swp_count\">17 <span class=\"swp_label\">Partages<\/span><\/span><\/div>\n<\/div>\n<p>En r\u00e9ponse \u00e0 Afif Frigui qui a accus\u00e9, sur un plateau TV, les services du minist\u00e8re de l\u2019Int\u00e9rieur de vouloir fausser les r\u00e9sultats de l\u2019enqu\u00eate concernant l\u2019accident du bus \u00e0 Amdoun, les services du minist\u00e8re de l\u2019Int\u00e9rieur ont assur\u00e9 que la commission d\u00e9sign\u00e9e pour enqu\u00eater sur les causes de l\u2019accident, a ordonn\u00e9 la saisie des roues du bus accident\u00e9, afin de les faire expertiser. Le minist\u00e8re de l\u2019Int\u00e9rieur a demand\u00e9 \u00e0 Afif Frigui et aux autres personnes comme lui, d\u2019arr\u00eater de lancer des accusations \u00e0 droite et \u00e0 gauche sans rien conna\u00eetre de la r\u00e9alit\u00e9 des choses.<\/p>\n<div class=\"code-block code-block-1 c3\"><ins class=\"adsbygoogle c2\" data-ad-layout=\"in-article\" data-ad-format=\"fluid\" data-ad-client=\"ca-pub-2102118777505746\" data-ad-slot=\"7301775417\"\/> <\/div>\n<p><strong>Que se passe-t-il en Tunisie?<\/strong><br \/>Nous expliquons sur notre <a href=\"https:\/\/www.youtube.com\/channel\/UCRzypVq0B_yBad5eGrwBx0Q?sub_confirmation=1\" target=\"_blank\" rel=\"noopener noreferrer\">cha\u00eene YouTube<\/a> . <a href=\"https:\/\/www.youtube.com\/channel\/UCRzypVq0B_yBad5eGrwBx0Q?sub_confirmation=1\" target=\"_blank\" rel=\"noopener noreferrer\">Abonnez-vous!<\/a><\/p>\n<div class=\"mvp-org-wrap mvp-org-logo\" itemprop=\"publisher\" itemscope=\"\" itemtype=\"https:\/\/schema.org\/Organization\"><img decoding=\"async\" src=\"https:\/\/www.tunisienumerique.com\/wp-content\/uploads\/2017\/02\/logo_tunisie_numerique.png\"\/><\/div>\n<div class=\"swp_social_panel swp_horizontal_panel swp_flat_fresh swp_default_full_color swp_individual_full_color swp_other_full_color scale-100 scale-\" data-min-width=\"1100\" data-float-color=\"#ffffff\" data-float=\"none\" data-float-mobile=\"none\" data-transition=\"slide\">\n<div class=\"nc_tweetContainer swp_share_button total_shares total_sharesalt\"><span class=\"swp_count\">17 <span class=\"swp_label\">Partages<\/span><\/span><\/div>\n<\/div>\n<div class=\"mvp-related-posts left relative\">\n<h4 class=\"post-header\"><span class=\"post-header\">Lire aussi<\/span><\/h4>\n<\/div>\n<\/div>\n<p>Auteur: LM<br \/>\n<a href=\"https:\/\/www.tunisienumerique.com\/tunisie-le-ministere-de-linterieur-explique-pourquoi-les-roues-du-bus-accidente-ont-ete-enlevees\/\">Cliquez ici pour lire l&rsquo;article depuis sa source.<\/a><\/p>\n","protected":false},"excerpt":{"rendered":"<p>17 Partages En r\u00e9ponse \u00e0 Afif Frigui qui a accus\u00e9, sur un plateau TV, les services du minist\u00e8re de l\u2019Int\u00e9rieur de vouloir fausser les r\u00e9sultats de l\u2019enqu\u00eate concernant l\u2019accident du bus \u00e0 Amdoun, les services du minist\u00e8re de l\u2019Int\u00e9rieur ont assur\u00e9 que la commission d\u00e9sign\u00e9e pour enqu\u00eater sur les causes de l\u2019accident, a ordonn\u00e9 la [&hellip;]<\/p>\n","protected":false},"author":1789,"featured_media":69279,"comment_status":"closed","ping_status":"closed","sticky":false,"template":"","format":"standard","meta":{"fifu_image_url":"","fifu_image_alt":"","footnotes":""},"categories":[73,55],"tags":[],"class_list":["post-69278","post","type-post","status-publish","format-standard","has-post-thumbnail","hentry","category-actualite","category-tunisie"],"_links":{"self":[{"href":"https:\/\/linitiative.ca\/International\/wp-json\/wp\/v2\/posts\/69278","targetHints":{"allow":["GET"]}}],"collection":[{"href":"https:\/\/linitiative.ca\/International\/wp-json\/wp\/v2\/posts"}],"about":[{"href":"https:\/\/linitiative.ca\/International\/wp-json\/wp\/v2\/types\/post"}],"author":[{"embeddable":true,"href":"https:\/\/linitiative.ca\/International\/wp-json\/wp\/v2\/users\/1789"}],"replies":[{"embeddable":true,"href":"https:\/\/linitiative.ca\/International\/wp-json\/wp\/v2\/comments?post=69278"}],"version-history":[{"count":0,"href":"https:\/\/linitiative.ca\/International\/wp-json\/wp\/v2\/posts\/69278\/revisions"}],"wp:featuredmedia":[{"embeddable":true,"href":"https:\/\/linitiative.ca\/International\/wp-json\/"}],"wp:attachment":[{"href":"https:\/\/linitiative.ca\/International\/wp-json\/wp\/v2\/media?parent=69278"}],"wp:term":[{"taxonomy":"category","embeddable":true,"href":"https:\/\/linitiative.ca\/International\/wp-json\/wp\/v2\/categories?post=69278"},{"taxonomy":"post_tag","embeddable":true,"href":"https:\/\/linitiative.ca\/International\/wp-json\/wp\/v2\/tags?post=69278"}],"curies":[{"name":"wp","href":"https:\/\/api.w.org\/{rel}","templated":true}]}}