{"id":69280,"date":"2019-12-03T16:21:48","date_gmt":"2019-12-03T21:21:48","guid":{"rendered":"https:\/\/linitiative.ca\/International\/tunisie-exclusif-le-gouvernement-sera-compose-par-ces-partis\/"},"modified":"2019-12-03T16:21:48","modified_gmt":"2019-12-03T21:21:48","slug":"tunisie-exclusif-le-gouvernement-sera-compose-par-ces-partis","status":"publish","type":"post","link":"https:\/\/linitiative.ca\/International\/tunisie-exclusif-le-gouvernement-sera-compose-par-ces-partis\/","title":{"rendered":"Tunisie \u2013 Exclusif\u00a0: Le gouvernement sera compos\u00e9 par ces partis"},"content":{"rendered":"<div class=\"post-cont-in left relative\">\n<div class=\"swp_social_panel swp_horizontal_panel swp_flat_fresh swp_default_full_color swp_individual_full_color swp_other_full_color scale-100 scale-\" data-min-width=\"1100\" data-float-color=\"#ffffff\" data-float=\"none\" data-float-mobile=\"none\" data-transition=\"slide\">\n<div class=\"nc_tweetContainer swp_share_button total_shares total_sharesalt\"><span class=\"swp_count\">24 <span class=\"swp_label\">Partages<\/span><\/span><\/div>\n<\/div>\n<p>Bien que les pourparlers et les consultations pour la formation du prochain gouvernement pi\u00e9tinent et semblent faire du sur-place, les grandes lignes de cette \u00e9quipe commencent \u00e0 se dessiner, bon gr\u00e9, mal gr\u00e9.<\/p>\n<div class=\"code-block code-block-1 c3\"><ins class=\"adsbygoogle c2\" data-ad-layout=\"in-article\" data-ad-format=\"fluid\" data-ad-client=\"ca-pub-2102118777505746\" data-ad-slot=\"7301775417\"\/> <\/div>\n<p>En effet, bien que Habib Jemli insiste pour obtenir la participation de la coalition, Courant D\u00e9mocratique-Mouvement du Peuple, ceux-ci refusent cat\u00e9goriquement de faire la moindre concession et insistent pour obtenir les trois minist\u00e8res qu\u2019ils ont revendiqu\u00e9 depuis le d\u00e9but, \u00e0 savoir ceux de la Justice, de la R\u00e9forme Administrative et de l\u2019Int\u00e9rieur. Jemli est all\u00e9 jusqu\u2019\u00e0 leur proposer les deux premiers minist\u00e8res, mais pas celui de l\u2019Int\u00e9rieur. Ce que ses interlocuteurs ont refus\u00e9.<\/p>\n<div class=\"code-block code-block-2 c3\"><ins class=\"adsbygoogle c2\" data-ad-layout=\"in-article\" data-ad-format=\"fluid\" data-ad-client=\"ca-pub-2102118777505746\" data-ad-slot=\"7301775417\"\/> <\/div>\n<p>Entre temps, les n\u00e9gociations se poursuivent \u00e0 un rythme effr\u00e9n\u00e9, non pas \u00e0 Dar Dhiafa, mais \u00e0 Montplaisir.<\/p>\n<p>Par la suite, on dira au tunisien qu\u2019\u00e0 cause de l\u2019ent\u00eatement des suppos\u00e9s alli\u00e9s, Ennahdha a \u00e9t\u00e9 oblig\u00e9e, pour pr\u00e9server les int\u00e9r\u00eats supr\u00eames de la Nation, de s\u2019allier au parti 9alb Tounes, afin de former le prochain gouvernement. Comme quoi, les lignes parall\u00e8les n\u2019en finissent plus de se croiser en Tunisie, d\u00e9fiant les r\u00e8gles \u00e9l\u00e9mentaires de la g\u00e9om\u00e9trie.<\/p>\n<p>D\u2019apr\u00e8s les indiscr\u00e9tions des coulisses des pourparlers, le gouvernement sera donc, bel et bien, form\u00e9 d\u2019Ennahdha et 9alb Tounes. Sachant que ce dernier se contentera de proposer des comp\u00e9tences ind\u00e9pendantes dont, par exemple, Mohamed Fadhel Abdelkefi.<\/p>\n<p>Il est attendu qu\u2019un autre parti fasse participe au prochain gouvernement, \u00e0 savoir Ettakattol, qui serait repr\u00e9sent\u00e9 par Elyes Fakhfakh.<\/p>\n<p>Quant aux autres formations qui sont compt\u00e9es comme des satellites d\u2019Ennahdha, \u00e0 l\u2019instar d\u2019Al Karama et d\u2019Errahma, elles ne feront pas partie du gouvernement. Par contre, elles voteront la confiance pour la formation propos\u00e9e.<\/p>\n<p><strong>Que se passe-t-il en Tunisie?<\/strong><br \/>Nous expliquons sur notre <a href=\"https:\/\/www.youtube.com\/channel\/UCRzypVq0B_yBad5eGrwBx0Q?sub_confirmation=1\" target=\"_blank\" rel=\"noopener noreferrer\">cha\u00eene YouTube<\/a> . <a href=\"https:\/\/www.youtube.com\/channel\/UCRzypVq0B_yBad5eGrwBx0Q?sub_confirmation=1\" target=\"_blank\" rel=\"noopener noreferrer\">Abonnez-vous!<\/a><\/p>\n<div class=\"mvp-org-wrap mvp-org-logo\" itemprop=\"publisher\" itemscope=\"\" itemtype=\"https:\/\/schema.org\/Organization\"><img decoding=\"async\" src=\"https:\/\/www.tunisienumerique.com\/wp-content\/uploads\/2017\/02\/logo_tunisie_numerique.png\"\/><\/div>\n<div class=\"swp_social_panel swp_horizontal_panel swp_flat_fresh swp_default_full_color swp_individual_full_color swp_other_full_color scale-100 scale-\" data-min-width=\"1100\" data-float-color=\"#ffffff\" data-float=\"none\" data-float-mobile=\"none\" data-transition=\"slide\">\n<div class=\"nc_tweetContainer swp_share_button total_shares total_sharesalt\"><span class=\"swp_count\">24 <span class=\"swp_label\">Partages<\/span><\/span><\/div>\n<\/div>\n<div class=\"mvp-related-posts left relative\">\n<h4 class=\"post-header\"><span class=\"post-header\">Lire aussi<\/span><\/h4>\n<\/div>\n<\/div>\n<p>Auteur: Saber .<br \/>\n<a href=\"https:\/\/www.tunisienumerique.com\/tunisie-exclusif-le-gouvernement-sera-compose-par-ces-partis\/\">Cliquez ici pour lire l&rsquo;article depuis sa source.<\/a><\/p>\n","protected":false},"excerpt":{"rendered":"<p>24 Partages Bien que les pourparlers et les consultations pour la formation du prochain gouvernement pi\u00e9tinent et semblent faire du sur-place, les grandes lignes de cette \u00e9quipe commencent \u00e0 se dessiner, bon gr\u00e9, mal gr\u00e9. En effet, bien que Habib Jemli insiste pour obtenir la participation de la coalition, Courant D\u00e9mocratique-Mouvement du Peuple, ceux-ci refusent [&hellip;]<\/p>\n","protected":false},"author":1789,"featured_media":69281,"comment_status":"closed","ping_status":"closed","sticky":false,"template":"","format":"standard","meta":{"fifu_image_url":"","fifu_image_alt":"","footnotes":""},"categories":[73,55],"tags":[],"class_list":["post-69280","post","type-post","status-publish","format-standard","has-post-thumbnail","hentry","category-actualite","category-tunisie"],"_links":{"self":[{"href":"https:\/\/linitiative.ca\/International\/wp-json\/wp\/v2\/posts\/69280","targetHints":{"allow":["GET"]}}],"collection":[{"href":"https:\/\/linitiative.ca\/International\/wp-json\/wp\/v2\/posts"}],"about":[{"href":"https:\/\/linitiative.ca\/International\/wp-json\/wp\/v2\/types\/post"}],"author":[{"embeddable":true,"href":"https:\/\/linitiative.ca\/International\/wp-json\/wp\/v2\/users\/1789"}],"replies":[{"embeddable":true,"href":"https:\/\/linitiative.ca\/International\/wp-json\/wp\/v2\/comments?post=69280"}],"version-history":[{"count":0,"href":"https:\/\/linitiative.ca\/International\/wp-json\/wp\/v2\/posts\/69280\/revisions"}],"wp:featuredmedia":[{"embeddable":true,"href":"https:\/\/linitiative.ca\/International\/wp-json\/"}],"wp:attachment":[{"href":"https:\/\/linitiative.ca\/International\/wp-json\/wp\/v2\/media?parent=69280"}],"wp:term":[{"taxonomy":"category","embeddable":true,"href":"https:\/\/linitiative.ca\/International\/wp-json\/wp\/v2\/categories?post=69280"},{"taxonomy":"post_tag","embeddable":true,"href":"https:\/\/linitiative.ca\/International\/wp-json\/wp\/v2\/tags?post=69280"}],"curies":[{"name":"wp","href":"https:\/\/api.w.org\/{rel}","templated":true}]}}