{"id":69282,"date":"2019-12-03T16:42:01","date_gmt":"2019-12-03T21:42:01","guid":{"rendered":"https:\/\/linitiative.ca\/International\/tunisie-sfax-un-ferry-assurant-la-navette-sfax-kerkennah-bloque-en-haute-mer-en-raison-de-visibilite-nulle-a-cause-du-brouillard\/"},"modified":"2019-12-03T16:42:01","modified_gmt":"2019-12-03T21:42:01","slug":"tunisie-sfax-un-ferry-assurant-la-navette-sfax-kerkennah-bloque-en-haute-mer-en-raison-de-visibilite-nulle-a-cause-du-brouillard","status":"publish","type":"post","link":"https:\/\/linitiative.ca\/International\/tunisie-sfax-un-ferry-assurant-la-navette-sfax-kerkennah-bloque-en-haute-mer-en-raison-de-visibilite-nulle-a-cause-du-brouillard\/","title":{"rendered":"Tunisie \u2013 Sfax\u00a0: Un ferry assurant la navette Sfax- Kerkennah bloqu\u00e9 en haute mer en raison de visibilit\u00e9 nulle \u00e0 cause du brouillard"},"content":{"rendered":"<div class=\"post-cont-in left relative\">\n<div class=\"swp_social_panel swp_horizontal_panel swp_flat_fresh swp_default_full_color swp_individual_full_color swp_other_full_color scale-100 scale-\" data-min-width=\"1100\" data-float-color=\"#ffffff\" data-float=\"none\" data-float-mobile=\"none\" data-transition=\"slide\">\n<div class=\"nc_tweetContainer swp_share_button total_shares total_sharesalt\"><span class=\"swp_count\">18 <span class=\"swp_label\">Partages<\/span><\/span><\/div>\n<\/div>\n<p>Les autorit\u00e9s r\u00e9gionales et les services du minist\u00e8re des transports, ont confirm\u00e9, cet apr\u00e8s midi, qu\u2019un ferry assurant la navette Sfax \u2013 Kerkennah, qui avait appareill\u00e9 de Sfax, depuis 14H00 est bloqu\u00e9 en rade du port de Sidi Youssef, avec 200 passagers et 50 voitures, \u00e0 bord en raison d\u2019une visibilit\u00e9 r\u00e9duite, emp\u00eachant toute navigation, \u00e0 cause du brouillard.<\/p>\n<div class=\"code-block code-block-1 c3\"><ins class=\"adsbygoogle c2\" data-ad-layout=\"in-article\" data-ad-format=\"fluid\" data-ad-client=\"ca-pub-2102118777505746\" data-ad-slot=\"7301775417\"\/> <\/div>\n<p>Le gouverneur de Sfax pr\u00e9side, en ce moment, une cellule de crise pour g\u00e9rer cette situation, en attendant le retour des \u00e9l\u00e9ments climatiques \u00e0 la normale.<\/p>\n<div class=\"code-block code-block-2 c3\"><ins class=\"adsbygoogle c2\" data-ad-layout=\"in-article\" data-ad-format=\"fluid\" data-ad-client=\"ca-pub-2102118777505746\" data-ad-slot=\"7301775417\"\/> <\/div>\n<p><strong>Que se passe-t-il en Tunisie?<\/strong><br \/>Nous expliquons sur notre <a href=\"https:\/\/www.youtube.com\/channel\/UCRzypVq0B_yBad5eGrwBx0Q?sub_confirmation=1\" target=\"_blank\" rel=\"noopener noreferrer\">cha\u00eene YouTube<\/a> . <a href=\"https:\/\/www.youtube.com\/channel\/UCRzypVq0B_yBad5eGrwBx0Q?sub_confirmation=1\" target=\"_blank\" rel=\"noopener noreferrer\">Abonnez-vous!<\/a><\/p>\n<div class=\"mvp-org-wrap mvp-org-logo\" itemprop=\"publisher\" itemscope=\"\" itemtype=\"https:\/\/schema.org\/Organization\"><img decoding=\"async\" src=\"https:\/\/www.tunisienumerique.com\/wp-content\/uploads\/2017\/02\/logo_tunisie_numerique.png\"\/><\/div>\n<div class=\"swp_social_panel swp_horizontal_panel swp_flat_fresh swp_default_full_color swp_individual_full_color swp_other_full_color scale-100 scale-\" data-min-width=\"1100\" data-float-color=\"#ffffff\" data-float=\"none\" data-float-mobile=\"none\" data-transition=\"slide\">\n<div class=\"nc_tweetContainer swp_share_button total_shares total_sharesalt\"><span class=\"swp_count\">18 <span class=\"swp_label\">Partages<\/span><\/span><\/div>\n<\/div>\n<div class=\"mvp-related-posts left relative\">\n<h4 class=\"post-header\"><span class=\"post-header\">Lire aussi<\/span><\/h4>\n<\/div>\n<\/div>\n<p>Auteur: LM<br \/>\n<a href=\"https:\/\/www.tunisienumerique.com\/tunisie-sfax-un-ferry-assurant-la-navette-sfax-kerkennah-bloque-en-haute-mer-en-raison-de-visibilite-nulle-a-cause-du-brouillard\/\">Cliquez ici pour lire l&rsquo;article depuis sa source.<\/a><\/p>\n","protected":false},"excerpt":{"rendered":"<p>18 Partages Les autorit\u00e9s r\u00e9gionales et les services du minist\u00e8re des transports, ont confirm\u00e9, cet apr\u00e8s midi, qu\u2019un ferry assurant la navette Sfax \u2013 Kerkennah, qui avait appareill\u00e9 de Sfax, depuis 14H00 est bloqu\u00e9 en rade du port de Sidi Youssef, avec 200 passagers et 50 voitures, \u00e0 bord en raison d\u2019une visibilit\u00e9 r\u00e9duite, emp\u00eachant [&hellip;]<\/p>\n","protected":false},"author":1789,"featured_media":69283,"comment_status":"closed","ping_status":"closed","sticky":false,"template":"","format":"standard","meta":{"fifu_image_url":"","fifu_image_alt":"","footnotes":""},"categories":[73,55],"tags":[],"class_list":["post-69282","post","type-post","status-publish","format-standard","has-post-thumbnail","hentry","category-actualite","category-tunisie"],"_links":{"self":[{"href":"https:\/\/linitiative.ca\/International\/wp-json\/wp\/v2\/posts\/69282","targetHints":{"allow":["GET"]}}],"collection":[{"href":"https:\/\/linitiative.ca\/International\/wp-json\/wp\/v2\/posts"}],"about":[{"href":"https:\/\/linitiative.ca\/International\/wp-json\/wp\/v2\/types\/post"}],"author":[{"embeddable":true,"href":"https:\/\/linitiative.ca\/International\/wp-json\/wp\/v2\/users\/1789"}],"replies":[{"embeddable":true,"href":"https:\/\/linitiative.ca\/International\/wp-json\/wp\/v2\/comments?post=69282"}],"version-history":[{"count":0,"href":"https:\/\/linitiative.ca\/International\/wp-json\/wp\/v2\/posts\/69282\/revisions"}],"wp:featuredmedia":[{"embeddable":true,"href":"https:\/\/linitiative.ca\/International\/wp-json\/"}],"wp:attachment":[{"href":"https:\/\/linitiative.ca\/International\/wp-json\/wp\/v2\/media?parent=69282"}],"wp:term":[{"taxonomy":"category","embeddable":true,"href":"https:\/\/linitiative.ca\/International\/wp-json\/wp\/v2\/categories?post=69282"},{"taxonomy":"post_tag","embeddable":true,"href":"https:\/\/linitiative.ca\/International\/wp-json\/wp\/v2\/tags?post=69282"}],"curies":[{"name":"wp","href":"https:\/\/api.w.org\/{rel}","templated":true}]}}