{"id":69284,"date":"2019-12-03T14:50:03","date_gmt":"2019-12-03T19:50:03","guid":{"rendered":"https:\/\/linitiative.ca\/International\/meurtre-de-daphne-caruana-malte-dans-le-collimateur-de-lunion-europeenne\/"},"modified":"2019-12-03T14:50:03","modified_gmt":"2019-12-03T19:50:03","slug":"meurtre-de-daphne-caruana-malte-dans-le-collimateur-de-lunion-europeenne","status":"publish","type":"post","link":"https:\/\/linitiative.ca\/International\/meurtre-de-daphne-caruana-malte-dans-le-collimateur-de-lunion-europeenne\/","title":{"rendered":"Meurtre de Daphne Caruana: Malte dans le collimateur de l\u2019Union europ\u00e9enne"},"content":{"rendered":"<div readability=\"32\">\n<p>Publi\u00e9 le 03.12.2019 \u00e0 20h50 par AFP<\/p>\n<\/div>\n<div readability=\"158\">\n<p>L\u2019affaire du meurtre en 2017 de la journaliste d\u2019investigation Daphne Caruana Galizia, qui enqu\u00eatait sur la corruption \u00e0 Malte, a plac\u00e9 l\u2019\u00eele dans le collimateur de l\u2019Union europ\u00e9enne qui a insist\u00e9 mardi pour que l\u2019enqu\u00eate soit men\u00e9e \u00e0 son terme \u00ab\u00a0sans aucune ing\u00e9rence politique\u00a0\u00bb.<\/p>\n<p>Alors qu\u2019une d\u00e9l\u00e9gation de parlementaires europ\u00e9ens se trouve pour deux jours \u00e0 Malte afin d\u2019y voir plus clair sur cette affaire qui fait vaciller le pouvoir, la vice-pr\u00e9sidente de la Commission europ\u00e9enne, Vera Jourova a exprim\u00e9 lundi son \u00ab\u00a0inqui\u00e9tude\u00a0\u00bb au ministre maltais de la Justice.<\/p>\n<p>La commissaire tch\u00e8que a aussi \u00ab\u00a0insist\u00e9 pour que l\u2019enqu\u00eate soit men\u00e9e \u00e0 son terme, sans aucune ing\u00e9rence politique\u00a0\u00bb, lors cet entretien t\u00e9l\u00e9phonique rapport\u00e9 mardi par un porte-parole.<\/p>\n<p>De son c\u00f4t\u00e9, l\u2019eurod\u00e9put\u00e9e lib\u00e9rale Sophie in\u2019t Veld, arriv\u00e9e la veille \u00e0 La Valette, a estim\u00e9 que l\u2019affaire Daphne Caruana avait \u00ab\u00a0s\u00e9rieusement entam\u00e9\u00a0\u00bb la confiance de l\u2019Union europ\u00e9enne dans l\u2019ind\u00e9pendance de la justice \u00e0 Malte.<\/p>\n<p>\u00ab\u00a0La coop\u00e9ration au sein de l\u2019UE est bas\u00e9e sur la confiance et je pensais que c\u2019\u00e9tait tr\u00e8s \u00e9vident pour tout le monde\u00a0\u00bb, a d\u00e9clar\u00e9 l\u2019\u00e9lue n\u00e9erlandaise.<\/p>\n<p>Mme in\u2019t Veld m\u00e8ne une d\u00e9l\u00e9gation de sept membres du Parlement europ\u00e9en arriv\u00e9e lundi soir sur l\u2019\u00eele et qui y restera jusqu\u2019\u00e0 mercredi.<\/p>\n<p>Cette mission urgente avait \u00e9t\u00e9 annonc\u00e9e, de source parlementaire europ\u00e9enne, en raison d&rsquo;\u00a0\u00bbinterrogations sur l\u2019ind\u00e9pendance du syst\u00e8me judiciaire et de graves accusations de corruption aux plus hauts niveaux\u00a0\u00bb.<\/p>\n<p>La d\u00e9l\u00e9gation a rencontr\u00e9 mardi le Premier ministre maltais Joseph Muscat, le pr\u00e9sident George Vella et d\u2019autres hauts responsables policiers et judiciaires ainsi que la famille de la journaliste assassin\u00e9e.<\/p>\n<p>La rencontre avec M. Muscat \u00ab\u00a0a \u00e9t\u00e9 froide et tendue\u00a0\u00bb, a affirm\u00e9 le d\u00e9put\u00e9 allemand Sven Giegold.<\/p>\n<p>\u00ab\u00a0Aucun d\u2019entre nous ne comprend pourquoi il ne d\u00e9missionne pas imm\u00e9diatement. Il ne donne aucune bonne raison. Il dit juste que quelqu\u2019un doit mener les affaires de l\u2019Etat. Mais le pays est d\u00e9j\u00e0 dans le chaos\u00a0\u00bb, a-t-il ajout\u00e9.<\/p>\n<p>Daphne Caruana Galizia, qui enqu\u00eatait sur la corruption \u00e0 Malte, a \u00e9t\u00e9 tu\u00e9e dans l\u2019explosion de sa voiture pi\u00e9g\u00e9e le 16 octobre 2017.<\/p>\n<p>M. Muscat, qui a annonc\u00e9 qu\u2019il quitterait ses fonctions le 12 janvier, est accus\u00e9 par la famille de Daphne Caruana, par l\u2019opposition ainsi que des mouvements civiques d\u2019\u00eatre intervenu pour prot\u00e9ger son chef de cabinet Keith Schembri mis en cause dans l\u2019affaire. Tous r\u00e9clament son d\u00e9part imm\u00e9diat.<\/p>\n<p>\u2013 \u00ab\u00a0Justice pour Daphne\u00a0\u00bb \u2013<\/p>\n<p>\u00ab\u00a0Tant que Joseph Muscat sera en poste, il sera l\u00e0 pour se prot\u00e9ger et prot\u00e9ger Keith Schembri. Il a des pouvoirs sur l\u2019enqu\u00eate, ce qui est une situation tr\u00e8s dangereuse\u00a0\u00bb, a d\u00e9clar\u00e9 mardi \u00e0 l\u2019AFP Corine Vella, soeur de Daphne Caruna.<\/p>\n<p>\u00ab\u00a0La justice p\u00e9nale \u00e0 Malte pr\u00e9sente des lacunes. Il n\u2019y a pas de s\u00e9paration r\u00e9elle des pouvoirs, trop de pouvoirs sont concentr\u00e9s entre les mains du Premier ministre\u00a0\u00bb, a-t-elle d\u00e9nonc\u00e9.<\/p>\n<p>Les manifestations se sont multipli\u00e9es ces derni\u00e8res semaines \u00e0 Malte, notamment \u00e0 l\u2019initiative d\u2019ONG qui n\u2019ont de cesse de r\u00e9clamer \u00ab\u00a0justice pour Daphne\u00a0\u00bb.<\/p>\n<p>\u00ab\u00a0Muscat prot\u00e8ge des gens, y compris son chef de cabinet, Keith Schembri, et ce faisant, il se prot\u00e8ge lui-m\u00eame\u00a0\u00bb, a d\u00e9clar\u00e9 mardi Lizzie Eldrige, de l\u2019ONG Occupy Justice.<\/p>\n<p>\u00ab\u00a0Muscat est compromis. Il a entach\u00e9 la plus haute fonction du gouvernement et \u00e0 pr\u00e9sent il s\u2019en sert pour couvrir ses traces, pour prot\u00e9ger ceux dont nous, les gens, avons besoin d\u2019\u00eatre prot\u00e9g\u00e9s\u00a0\u00bb, a ajout\u00e9 la militante dans une d\u00e9claration lue aux journalistes devant le quartier g\u00e9n\u00e9ral de la police maltaise.<\/p>\n<p>Au passage de la d\u00e9l\u00e9gation d\u2019eurod\u00e9put\u00e9s venus rencontrer le chef de la police, quelques dizaines de manifestants ont cri\u00e9 \u00ab\u00a0Justice!\u00a0\u00bb, \u00ab\u00a0Arr\u00eatez Muscat!\u00a0\u00bb, \u00ab\u00a0Arr\u00eatez Schembri !\u00a0\u00bb.<\/p>\n<p>M. Schembri, d\u00e9sign\u00e9 comme le v\u00e9ritable commanditaire du meurtre de Daphne Caruana par un homme d\u2019affaires inculp\u00e9 dans le dossier, et dont le nom figurait dans des enqu\u00eates de la journaliste qui travaillait sur la corruption, a d\u00e9missionn\u00e9 en milieu de semaine derni\u00e8re, en m\u00eame temps que le ministre du Tourisme, Konrad Mizzi.<\/p>\n<p>Entendu par les enqu\u00eateurs, M. Schembri est ressorti libre jeudi, d\u00e9clenchant la col\u00e8re de la famille Caruana Galizia qui a argu\u00e9 qu&rsquo;\u00a0\u00bbau moins deux t\u00e9moins et de multiples indices impliquent Schembri dans l\u2019assassinat\u00a0\u00bb.<\/p>\n<\/div>\n<p>Auteur: AFP<br \/>\n<a href=\"https:\/\/www.journalducameroun.com\/meurtre-de-daphne-caruana-malte-dans-le-collimateur-de-lunion-europeenne\/\">Cliquez ici pour lire l&rsquo;article depuis sa source.<\/a><\/p>\n","protected":false},"excerpt":{"rendered":"<p>Publi\u00e9 le 03.12.2019 \u00e0 20h50 par AFP L\u2019affaire du meurtre en 2017 de la journaliste d\u2019investigation Daphne Caruana Galizia, qui enqu\u00eatait sur la corruption \u00e0 Malte, a plac\u00e9 l\u2019\u00eele dans le collimateur de l\u2019Union europ\u00e9enne qui a insist\u00e9 mardi pour que l\u2019enqu\u00eate soit men\u00e9e \u00e0 son terme \u00ab\u00a0sans aucune ing\u00e9rence politique\u00a0\u00bb. Alors qu\u2019une d\u00e9l\u00e9gation de [&hellip;]<\/p>\n","protected":false},"author":1965,"featured_media":0,"comment_status":"closed","ping_status":"closed","sticky":false,"template":"","format":"standard","meta":{"fifu_image_url":"","fifu_image_alt":"","footnotes":""},"categories":[73,82],"tags":[],"class_list":["post-69284","post","type-post","status-publish","format-standard","hentry","category-actualite","category-cameroun"],"_links":{"self":[{"href":"https:\/\/linitiative.ca\/International\/wp-json\/wp\/v2\/posts\/69284","targetHints":{"allow":["GET"]}}],"collection":[{"href":"https:\/\/linitiative.ca\/International\/wp-json\/wp\/v2\/posts"}],"about":[{"href":"https:\/\/linitiative.ca\/International\/wp-json\/wp\/v2\/types\/post"}],"author":[{"embeddable":true,"href":"https:\/\/linitiative.ca\/International\/wp-json\/wp\/v2\/users\/1965"}],"replies":[{"embeddable":true,"href":"https:\/\/linitiative.ca\/International\/wp-json\/wp\/v2\/comments?post=69284"}],"version-history":[{"count":0,"href":"https:\/\/linitiative.ca\/International\/wp-json\/wp\/v2\/posts\/69284\/revisions"}],"wp:attachment":[{"href":"https:\/\/linitiative.ca\/International\/wp-json\/wp\/v2\/media?parent=69284"}],"wp:term":[{"taxonomy":"category","embeddable":true,"href":"https:\/\/linitiative.ca\/International\/wp-json\/wp\/v2\/categories?post=69284"},{"taxonomy":"post_tag","embeddable":true,"href":"https:\/\/linitiative.ca\/International\/wp-json\/wp\/v2\/tags?post=69284"}],"curies":[{"name":"wp","href":"https:\/\/api.w.org\/{rel}","templated":true}]}}