{"id":69285,"date":"2019-12-03T15:18:03","date_gmt":"2019-12-03T20:18:03","guid":{"rendered":"https:\/\/linitiative.ca\/International\/cote-divoire-2-800-000-emplois-crees-de-2011-a-2019-duncan\/"},"modified":"2019-12-03T15:18:03","modified_gmt":"2019-12-03T20:18:03","slug":"cote-divoire-2-800-000-emplois-crees-de-2011-a-2019-duncan","status":"publish","type":"post","link":"https:\/\/linitiative.ca\/International\/cote-divoire-2-800-000-emplois-crees-de-2011-a-2019-duncan\/","title":{"rendered":"C\u00f4te d\u2019Ivoire: 2 800 000 emplois cr\u00e9\u00e9s de 2011 \u00e0 2019 (Duncan)"},"content":{"rendered":"<div readability=\"32\">\n<p>Publi\u00e9 le 03.12.2019 \u00e0 21h18 par APA News<\/p>\n<\/div>\n<div readability=\"59\">\n<p>Deux millions huit cent mille emplois ont \u00e9t\u00e9 cr\u00e9\u00e9s en C\u00f4te d\u2019Ivoire de septembre 2011 \u00e0 2019, a affirm\u00e9 mardi \u00e0 Abidjan Daniel Kablan Duncan, le Vice-pr\u00e9sident ivoirien qui s\u2019exprimait dans un panel de haut niveau lors de la 14\u00e8 r\u00e9union r\u00e9gionale africaine de l\u2019Organisation internationale du travail (OIT).\u00abIl ne peut pas avoir d\u2019emplois d\u00e9cents sans \u00a0croissance \u00e9conomique. En C\u00f4te d\u2019Ivoire, la croissance \u00e9conomique est en place. De septembre 2011 \u00e0 2019, on a cr\u00e9\u00e9 en C\u00f4te d\u2019Ivoire 2 800 000 emplois. De \u00a02016 \u00e0 2018, 222 000 emplois ont \u00e9t\u00e9 cr\u00e9\u00e9s en faveur des jeunes\u00bb, a indiqu\u00e9 M. Duncan \u00e0 cette tribune.<\/p>\n<p>De son avis, \u00abl\u2019avenir du pays est entre les mains des jeunes. Donc, il faut les aider\u00bb. En outre, il a soutenu que pour cr\u00e9er des emplois d\u00e9cents, il \u00a0faut entre autres, qu\u2019il y ait \u00a0la croissance \u00e9conomique et que le cadre macro\u00e9conomique soit \u00absain\u00bb.<\/p>\n<p>Poursuivant, le vice-pr\u00e9sident ivoirien a estim\u00e9 que l\u2019emploi est quelque chose d\u2019essentiel car il permet d\u2019am\u00e9liorer la vie des populations.\u00a0<\/p>\n<p>La quatorzi\u00e8me r\u00e9union r\u00e9gionale africaine de l\u2019OIT s\u2019est ouverte mardi \u00e0 Abidjan avec la participation de plus de 500 d\u00e9l\u00e9gu\u00e9s d\u2019employ\u00e9s et d\u2019employeurs du continent. Ces assises qui prendront fin vendredi, visent \u00e0 promouvoir le \u00ab travail d\u00e9cent \u00bb en Afrique.<\/p>\n<\/div>\n<p>Auteur: APA News<br \/>\n<a href=\"https:\/\/www.journalducameroun.com\/cote-divoire-2-800-000-emplois-crees-de-2011-a-2019-duncan\/\">Cliquez ici pour lire l&rsquo;article depuis sa source.<\/a><\/p>\n","protected":false},"excerpt":{"rendered":"<p>Publi\u00e9 le 03.12.2019 \u00e0 21h18 par APA News Deux millions huit cent mille emplois ont \u00e9t\u00e9 cr\u00e9\u00e9s en C\u00f4te d\u2019Ivoire de septembre 2011 \u00e0 2019, a affirm\u00e9 mardi \u00e0 Abidjan Daniel Kablan Duncan, le Vice-pr\u00e9sident ivoirien qui s\u2019exprimait dans un panel de haut niveau lors de la 14\u00e8 r\u00e9union r\u00e9gionale africaine de l\u2019Organisation internationale du [&hellip;]<\/p>\n","protected":false},"author":1965,"featured_media":0,"comment_status":"closed","ping_status":"closed","sticky":false,"template":"","format":"standard","meta":{"fifu_image_url":"","fifu_image_alt":"","footnotes":""},"categories":[73,82],"tags":[],"class_list":["post-69285","post","type-post","status-publish","format-standard","hentry","category-actualite","category-cameroun"],"_links":{"self":[{"href":"https:\/\/linitiative.ca\/International\/wp-json\/wp\/v2\/posts\/69285","targetHints":{"allow":["GET"]}}],"collection":[{"href":"https:\/\/linitiative.ca\/International\/wp-json\/wp\/v2\/posts"}],"about":[{"href":"https:\/\/linitiative.ca\/International\/wp-json\/wp\/v2\/types\/post"}],"author":[{"embeddable":true,"href":"https:\/\/linitiative.ca\/International\/wp-json\/wp\/v2\/users\/1965"}],"replies":[{"embeddable":true,"href":"https:\/\/linitiative.ca\/International\/wp-json\/wp\/v2\/comments?post=69285"}],"version-history":[{"count":0,"href":"https:\/\/linitiative.ca\/International\/wp-json\/wp\/v2\/posts\/69285\/revisions"}],"wp:attachment":[{"href":"https:\/\/linitiative.ca\/International\/wp-json\/wp\/v2\/media?parent=69285"}],"wp:term":[{"taxonomy":"category","embeddable":true,"href":"https:\/\/linitiative.ca\/International\/wp-json\/wp\/v2\/categories?post=69285"},{"taxonomy":"post_tag","embeddable":true,"href":"https:\/\/linitiative.ca\/International\/wp-json\/wp\/v2\/tags?post=69285"}],"curies":[{"name":"wp","href":"https:\/\/api.w.org\/{rel}","templated":true}]}}