{"id":69287,"date":"2019-12-03T16:50:02","date_gmt":"2019-12-03T21:50:02","guid":{"rendered":"https:\/\/linitiative.ca\/International\/symbole-du-reve-americain-la-senatrice-kamala-harris-abandonne-la-primaire-democrate\/"},"modified":"2019-12-03T16:50:02","modified_gmt":"2019-12-03T21:50:02","slug":"symbole-du-reve-americain-la-senatrice-kamala-harris-abandonne-la-primaire-democrate","status":"publish","type":"post","link":"https:\/\/linitiative.ca\/International\/symbole-du-reve-americain-la-senatrice-kamala-harris-abandonne-la-primaire-democrate\/","title":{"rendered":"Symbole du \u00ab\u00a0r\u00eave am\u00e9ricain\u00a0\u00bb, la s\u00e9natrice Kamala Harris abandonne la primaire d\u00e9mocrate"},"content":{"rendered":"<div readability=\"32\">\n<p>Publi\u00e9 le 03.12.2019 \u00e0 22h50 par AFP<\/p>\n<\/div>\n<div readability=\"154\">\n<p>Entr\u00e9e en fanfare dans la campagne, Kamala Harris voulait devenir la premi\u00e8re femme noire \u00e0 pr\u00e9sider les Etats-Unis. Mais apr\u00e8s une perc\u00e9e fulgurante, la s\u00e9natrice \u00e9tait retomb\u00e9e dans les sondages jusqu\u2019\u00e0 l\u2019annonce surprise, mardi, qu\u2019elle abandonnait la primaire d\u00e9mocrate faute de moyens suffisants.<\/p>\n<p>C\u2019est devant une foule enthousiaste de 20.000 personnes que l\u2019ex-procureure de Californie \u00e9tait entr\u00e9e fin janvier dans la course pour d\u00e9crocher l\u2019investiture d\u00e9mocrate et d\u00e9fier le r\u00e9publicain Donald Trump lors de la pr\u00e9sidentielle de novembre 2020.<\/p>\n<p>Mais depuis une performance remarqu\u00e9e lors d\u2019un d\u00e9bat qui l\u2019avait propuls\u00e9e, cet \u00e9t\u00e9, dans le trio de t\u00eate des sondages, la s\u00e9natrice \u00e2g\u00e9e de 55 ans \u00e9tait retomb\u00e9e et stagnait loin derri\u00e8re.<\/p>\n<p>C\u2019est l\u2019une des plus grandes personnalit\u00e9s \u00e0 abandonner la primaire d\u00e9mocrate, qui compte d\u00e9sormais 15 candidats en lice.<\/p>\n<p>\u00ab\u00a0Ma campagne pour \u00eatre \u00e9lue pr\u00e9sidente ne dispose tout simplement pas des moyens dont nous avons besoin pour continuer\u00a0\u00bb, a-t-elle reconnu.<\/p>\n<p>S\u2019il n\u2019est pas nomm\u00e9, le milliardaire Michael Bloomberg appara\u00eet en filigrane de la lettre annon\u00e7ant \u00e0 ses supporteurs qu\u2019elle jette l\u2019\u00e9ponge.<\/p>\n<p>Kamala Harris venait en effet d\u2019\u00eatre rel\u00e9gu\u00e9e \u00e0 la sixi\u00e8me place (3,4% selon la moyenne RealClearPolitics) par M. Bloomberg.<\/p>\n<p>\u00ab\u00a0Je ne suis pas une milliardaire. Je ne peux pas financer ma propre campagne\u00a0\u00bb, a soulign\u00e9 la s\u00e9natrice. \u00ab\u00a0Et alors que la campagne avance, il est devenu de plus en plus difficile de lever l\u2019argent dont nous avons besoin pour nous battre\u00a0\u00bb.<\/p>\n<p>Pourfendeuse des grandes fortunes, la s\u00e9natrice d\u00e9mocrate Elizabeth Warren, troisi\u00e8me dans les sondages (14%), a saisi ces mots au vol pour renforcer son message de campagne: \u00ab\u00a0Kamala a raison, notre syst\u00e8me est profond\u00e9ment d\u00e9faillant quand des milliardaires peuvent acheter leur billet d\u2019entr\u00e9e\u00a0\u00bb, a-t-elle tweet\u00e9.<\/p>\n<p>Ancien maire de New York, Michael Bloomberg a rejoint fin novembre la primaire d\u00e9mocrate, de longs mois apr\u00e8s les principaux candidats.<\/p>\n<p>Le candidat mod\u00e9r\u00e9 parie sur une strat\u00e9gie in\u00e9dite: il ne se pr\u00e9sentera pas dans les premiers Etats qui voteront en f\u00e9vrier, d\u2019ordinaire tr\u00e8s influents sur la suite de la course, mais attendra le \u00ab\u00a0Super Tuesday\u00a0\u00bb du 3 mars, lorsqu\u2019une quinzaine d\u2019Etats organiseront leurs primaires. D\u2019ici l\u00e0, il arrosera ces territoires de spots de campagne auto-financ\u00e9s.<\/p>\n<p>Il a salu\u00e9 d\u2019un tweet le d\u00e9part de Kamala Harris en affirmant qu\u2019elle avait apport\u00e9 \u00ab\u00a0des id\u00e9es et une perspective importante\u00a0\u00bb \u00e0 la primaire.<\/p>\n<p>Toujours favori pour la primaire, l\u2019ancien vice-pr\u00e9sident Joe Biden a salu\u00e9 l&rsquo;\u00a0\u00bbintellect\u00a0\u00bb et le \u00ab\u00a0talent\u00a0\u00bb de Kamala Harris, malgr\u00e9 leur \u00e9change tr\u00e8s vif en juin lors du d\u00e9bat qui avait fait d\u00e9coller la s\u00e9natrice dans les sondages.<\/p>\n<p>Devant les cam\u00e9ras, il n\u2019a pas r\u00e9pondu \u00e0 la question que tous se posaient mardi: envisagerait-il d\u2019en faire sa vice-pr\u00e9sidente s\u2019il \u00e9tait \u00e9lu \u00e0 la Maison Blanche?<\/p>\n<p>\u2013 Plusieurs fois pionni\u00e8re \u2013<\/p>\n<p>Alors qu\u2019elle menait encore une intense campagne tout r\u00e9cemment dans l\u2019Iowa, Kamala Harris a confi\u00e9 \u00eatre parvenue \u00e0 l&rsquo;\u00a0\u00bbune des d\u00e9cisions les plus dures\u00a0\u00bb de sa vie \u00ab\u00a0ces derniers jours\u00a0\u00bb.<\/p>\n<p>Elle a grandi \u00e0 Oakland, dans la Californie progressiste des ann\u00e9es 1960, fi\u00e8re de la lutte pour les droits civiques de ses parents immigr\u00e9s: un p\u00e8re jama\u00efcain professeur d\u2019\u00e9conomie, et une m\u00e8re indienne aujourd\u2019hui d\u00e9c\u00e9d\u00e9e, chercheuse sp\u00e9cialiste du cancer du sein.<\/p>\n<p>Aimant raconter son histoire familiale digne du meilleur \u00ab\u00a0r\u00eave am\u00e9ricain\u00a0\u00bb, elle a d\u00e9j\u00e0 plusieurs fois d\u00e9croch\u00e9 des titres de pionni\u00e8re.<\/p>\n<p>Apr\u00e8s deux mandats de procureure \u00e0 San Francisco (2004-2011), elle avait \u00e9t\u00e9 \u00e9lue, deux fois, procureure de Californie (2011-2017), devenant alors la premi\u00e8re femme, mais aussi la premi\u00e8re personne noire, \u00e0 diriger les services judiciaires de l\u2019Etat le plus peupl\u00e9 du pays.<\/p>\n<p>Puis en janvier 2017, elle avait pr\u00eat\u00e9 serment au S\u00e9nat \u00e0 Washington, s\u2019inscrivant comme la premi\u00e8re femme originaire d\u2019Asie du Sud et seulement la seconde s\u00e9natrice noire dans l\u2019histoire am\u00e9ricaine.<\/p>\n<p>Faute de l\u2019affronter dans les urnes, elle participera probablement, en tant que s\u00e9natrice, \u00e0 l\u2019acte final de la proc\u00e9dure de destitution visant Donald Trump, qui pourrait \u00eatre organis\u00e9 au S\u00e9nat en 2020. Compte tenu de la majorit\u00e9 r\u00e9publicaine \u00e0 la chambre haute, le milliardaire ne devrait pas \u00eatre d\u00e9mis de ses fonctions.<\/p>\n<\/div>\n<p>Auteur: AFP<br \/>\n<a href=\"https:\/\/www.journalducameroun.com\/symbole-du-reve-americain-la-senatrice-kamala-harris-abandonne-la-primaire-democrate\/\">Cliquez ici pour lire l&rsquo;article depuis sa source.<\/a><\/p>\n","protected":false},"excerpt":{"rendered":"<p>Publi\u00e9 le 03.12.2019 \u00e0 22h50 par AFP Entr\u00e9e en fanfare dans la campagne, Kamala Harris voulait devenir la premi\u00e8re femme noire \u00e0 pr\u00e9sider les Etats-Unis. Mais apr\u00e8s une perc\u00e9e fulgurante, la s\u00e9natrice \u00e9tait retomb\u00e9e dans les sondages jusqu\u2019\u00e0 l\u2019annonce surprise, mardi, qu\u2019elle abandonnait la primaire d\u00e9mocrate faute de moyens suffisants. C\u2019est devant une foule enthousiaste [&hellip;]<\/p>\n","protected":false},"author":1965,"featured_media":0,"comment_status":"closed","ping_status":"closed","sticky":false,"template":"","format":"standard","meta":{"fifu_image_url":"","fifu_image_alt":"","footnotes":""},"categories":[73,82],"tags":[],"class_list":["post-69287","post","type-post","status-publish","format-standard","hentry","category-actualite","category-cameroun"],"_links":{"self":[{"href":"https:\/\/linitiative.ca\/International\/wp-json\/wp\/v2\/posts\/69287","targetHints":{"allow":["GET"]}}],"collection":[{"href":"https:\/\/linitiative.ca\/International\/wp-json\/wp\/v2\/posts"}],"about":[{"href":"https:\/\/linitiative.ca\/International\/wp-json\/wp\/v2\/types\/post"}],"author":[{"embeddable":true,"href":"https:\/\/linitiative.ca\/International\/wp-json\/wp\/v2\/users\/1965"}],"replies":[{"embeddable":true,"href":"https:\/\/linitiative.ca\/International\/wp-json\/wp\/v2\/comments?post=69287"}],"version-history":[{"count":0,"href":"https:\/\/linitiative.ca\/International\/wp-json\/wp\/v2\/posts\/69287\/revisions"}],"wp:attachment":[{"href":"https:\/\/linitiative.ca\/International\/wp-json\/wp\/v2\/media?parent=69287"}],"wp:term":[{"taxonomy":"category","embeddable":true,"href":"https:\/\/linitiative.ca\/International\/wp-json\/wp\/v2\/categories?post=69287"},{"taxonomy":"post_tag","embeddable":true,"href":"https:\/\/linitiative.ca\/International\/wp-json\/wp\/v2\/tags?post=69287"}],"curies":[{"name":"wp","href":"https:\/\/api.w.org\/{rel}","templated":true}]}}