{"id":69290,"date":"2019-12-04T08:55:28","date_gmt":"2019-12-04T13:55:28","guid":{"rendered":"https:\/\/linitiative.ca\/International\/mobilite-durable-la-chine-vise-un-quart-de-vehicules-electriques-en-2025\/"},"modified":"2019-12-04T08:55:28","modified_gmt":"2019-12-04T13:55:28","slug":"mobilite-durable-la-chine-vise-un-quart-de-vehicules-electriques-en-2025","status":"publish","type":"post","link":"https:\/\/linitiative.ca\/International\/mobilite-durable-la-chine-vise-un-quart-de-vehicules-electriques-en-2025\/","title":{"rendered":"Mobilit\u00e9 durable : La Chine vise un quart de v\u00e9hicules \u00e9lectriques en 2025"},"content":{"rendered":"<header readability=\"1.33860759494\">\n<\/header>\n<div class=\"entry-content clearfix\" readability=\"52\"><img decoding=\"async\" class=\"post_layout_5_img\" src=\"http:\/\/aujourdhui.ma\/wp-content\/uploads\/2019\/12\/vehicules-electriques-chine.jpg?x29840\" alt=\"Mobilit\u00e9 durable : La Chine vise un quart de v\u00e9hicules \u00e9lectriques en 2025\"\/><\/p>\n<p><span class=\"c4\"><strong>La Chine ambitionne de vendre \u00abenviron 25%\u00bb de v\u00e9hicules \u00e9lectriques ou hybrides en 2025.<\/strong><\/span><span id=\"more-325594\"\/><\/p>\n<p>Un projet de directive couvrant la p\u00e9riode 2021-2035 a \u00e9t\u00e9 publi\u00e9 mardi par le minist\u00e8re de l\u2019industrie chinois. Le pays cherche ainsi \u00e0 accro\u00eetre son parc de v\u00e9hicules \u00e0 \u00e9nergies nouvelles.<br \/>Un pr\u00e9c\u00e9dent objectif fix\u00e9 en 2017 visait \u00e0 parvenir \u00e0 un ratio de 20% de v\u00e9hicules \u00e0 \u00e9nergie propre en 2020. Le document du minist\u00e8re de l\u2019industrie ne pr\u00e9cise pas si le pays est ou non en passe d\u2019atteindre cet objectif. Selon le projet du minist\u00e8re, ouvert pour commentaire jusqu\u2019au 9 d\u00e9cembre, P\u00e9kin pr\u00e9voit de continuer \u00e0 encourager le d\u00e9veloppement de la technologie des batteries ainsi que les infrastructures permettant d\u2019utiliser des v\u00e9hicules \u00e0 hydrog\u00e8ne et autonomes.<\/p>\n<p>Alors que le pays est confront\u00e9 \u00e0 une guerre commerciale avec les \u00c9tats-Unis, les ventes automobiles, tous mod\u00e8les confondus, sont en repli depuis 15 mois. Rappelons que la Chine, plus grand march\u00e9 automobile mondial, cherche \u00e0 r\u00e9duire ses \u00e9missions polluantes et sa d\u00e9pendance envers le p\u00e9trole \u00e9tranger.<br \/>A ce jour, 5% du parc chinois est \u00e9quip\u00e9 de ces nouvelles technologies. Selon l\u2019Association chinoise des fabricants d\u2019automobiles, la Chine a supprim\u00e9 cette ann\u00e9e des subventions \u00e0 l\u2019achat de v\u00e9hicules propres, une d\u00e9cision qui s\u2019est sold\u00e9e par un repli de 34% sur un an des ventes de voitures \u00e9lectriques en septembre dernier.<\/p>\n<\/div>\n<p>Auteur: ALM<br \/>\n<a href=\"http:\/\/aujourdhui.ma\/automobile\/mobilite-durable-la-chine-vise-un-quart-de-vehicules-electriques-en-2025\">Cliquez ici pour lire l&rsquo;article depuis sa source.<\/a><\/p>\n","protected":false},"excerpt":{"rendered":"<p>La Chine ambitionne de vendre \u00abenviron 25%\u00bb de v\u00e9hicules \u00e9lectriques ou hybrides en 2025. Un projet de directive couvrant la p\u00e9riode 2021-2035 a \u00e9t\u00e9 publi\u00e9 mardi par le minist\u00e8re de l\u2019industrie chinois. Le pays cherche ainsi \u00e0 accro\u00eetre son parc de v\u00e9hicules \u00e0 \u00e9nergies nouvelles.Un pr\u00e9c\u00e9dent objectif fix\u00e9 en 2017 visait \u00e0 parvenir \u00e0 un [&hellip;]<\/p>\n","protected":false},"author":1759,"featured_media":0,"comment_status":"closed","ping_status":"closed","sticky":false,"template":"","format":"standard","meta":{"fifu_image_url":"","fifu_image_alt":"","footnotes":""},"categories":[73,54],"tags":[],"class_list":["post-69290","post","type-post","status-publish","format-standard","hentry","category-actualite","category-maroc"],"_links":{"self":[{"href":"https:\/\/linitiative.ca\/International\/wp-json\/wp\/v2\/posts\/69290","targetHints":{"allow":["GET"]}}],"collection":[{"href":"https:\/\/linitiative.ca\/International\/wp-json\/wp\/v2\/posts"}],"about":[{"href":"https:\/\/linitiative.ca\/International\/wp-json\/wp\/v2\/types\/post"}],"author":[{"embeddable":true,"href":"https:\/\/linitiative.ca\/International\/wp-json\/wp\/v2\/users\/1759"}],"replies":[{"embeddable":true,"href":"https:\/\/linitiative.ca\/International\/wp-json\/wp\/v2\/comments?post=69290"}],"version-history":[{"count":0,"href":"https:\/\/linitiative.ca\/International\/wp-json\/wp\/v2\/posts\/69290\/revisions"}],"wp:attachment":[{"href":"https:\/\/linitiative.ca\/International\/wp-json\/wp\/v2\/media?parent=69290"}],"wp:term":[{"taxonomy":"category","embeddable":true,"href":"https:\/\/linitiative.ca\/International\/wp-json\/wp\/v2\/categories?post=69290"},{"taxonomy":"post_tag","embeddable":true,"href":"https:\/\/linitiative.ca\/International\/wp-json\/wp\/v2\/tags?post=69290"}],"curies":[{"name":"wp","href":"https:\/\/api.w.org\/{rel}","templated":true}]}}