{"id":69292,"date":"2019-12-04T10:35:43","date_gmt":"2019-12-04T15:35:43","guid":{"rendered":"https:\/\/linitiative.ca\/International\/festival-international-du-film-de-marrakech-bmw-transporteur-officiel-pour-la-4eme-annee-consecutive\/"},"modified":"2019-12-04T10:35:43","modified_gmt":"2019-12-04T15:35:43","slug":"festival-international-du-film-de-marrakech-bmw-transporteur-officiel-pour-la-4eme-annee-consecutive","status":"publish","type":"post","link":"https:\/\/linitiative.ca\/International\/festival-international-du-film-de-marrakech-bmw-transporteur-officiel-pour-la-4eme-annee-consecutive\/","title":{"rendered":"Festival international du film de Marrakech : BMW, transporteur officiel pour  la 4\u00e8me ann\u00e9e cons\u00e9cutive"},"content":{"rendered":"<p><img decoding=\"async\" class=\"post_layout_5_img\" src=\"http:\/\/aujourdhui.ma\/wp-content\/uploads\/2019\/12\/BMW-transporteur-officiel-FIFM.jpg?x29840\" alt=\"Festival international du film de Marrakech : BMW, transporteur officiel pour la 4\u00e8me ann\u00e9e cons\u00e9cutive\"\/><\/p>\n<p><span class=\"c4\"><strong>L\u2019importateur exclusif de la marque BMW au Maroc, Smeia, est pour la 4\u00e8me ann\u00e9e cons\u00e9cutive, transporteur officiel du Festival international du film de Marrakech (FIFM), qui se tient jusqu\u2019au 7 d\u00e9cembre, avec lequel il s\u2019associe \u00e0 nouveau pour sa 18\u00e8me \u00e9dition.<\/strong><\/span> <span id=\"more-325574\"\/><\/p>\n<p>Un transport que l\u2019importateur assure, selon ses dires, \u00abconform\u00e9ment \u00e0 ses orientations strat\u00e9giques et \u00e0 son engagement envers le 7\u00e8me art\u00bb.\u00a0A propos du FIFM, les initiateurs ne manquent pas d\u2019en louer la renomm\u00e9e. Selon la m\u00eame source, le festival est la principale manifestation consacr\u00e9e au cin\u00e9ma au Maroc qui b\u00e9n\u00e9ficie d\u2019une forte notori\u00e9t\u00e9 et d\u2019une image prestigieuse dans le monde arabe et \u00e0 l\u2019\u00e9chelle internationale.<br \/>\u00abSmeia affirme, \u00e0 travers ce partenariat prestigieux avec le FIFM, sa volont\u00e9 de contribuer au rayonnement de l\u2019image du Maroc \u00e0 l\u2019\u00e9tranger\u00bb, d\u00e9taillent les initiateurs. La m\u00eame source ajoute que ce festival r\u00e9unit dans la ville ocre des personnalit\u00e9s du monde de l\u2019art, de la culture et des m\u00e9dias. Lors de cette 18\u00e8me \u00e9dition, il rend hommage \u00e0 de grandes figures du cin\u00e9ma mondial, notamment l\u2019acteur l\u00e9gendaire Robert Redford, ainsi que de nombreuses vedettes du monde du cin\u00e9ma.<br \/>Pendant toute la dur\u00e9e de l\u2019\u00e9v\u00e8nement, BMW met \u00e0 la disposition du festival une importante flotte de voitures, comptant, selon la m\u00eame source, ses mod\u00e8les les plus prestigieux dont plusieurs nouveaut\u00e9s. Il s\u2019agit notamment des nouvelles BMW S\u00e9rie 8 Gran Coup\u00e9, BMW S\u00e9rie 7, et du tout nouveau BMW X7, \u00abpour embarquer les stars dans une atmosph\u00e8re conjuguant raffinement, confort et luxe\u00bb. Et ce n\u2019est pas tout\u00a0!<br \/>Smeia d\u00e9voile en avant-premi\u00e8re aux invit\u00e9s de ce prestigieux \u00e9v\u00e9nement la toute nouvelle BMW S\u00e9rie 8 Gran Coup\u00e9 dot\u00e9e de 4 portes r\u00e9ussissant parfaitement la synth\u00e8se de la sportivit\u00e9 et du luxe. Elle est le seul mod\u00e8le de son segment issu directement d\u2019une sportive deux portes, se r\u00e9v\u00e9lant aussi pratique au quotidien que performante en conduite dynamique.<br \/>Cela \u00e9tant, Smeia est un acteur majeur du secteur automobile au Maroc en g\u00e9n\u00e9ral et du segment premium en particulier, gr\u00e2ce \u00e0 sa strat\u00e9gie de d\u00e9veloppement ax\u00e9e autour de la proximit\u00e9 et de la qualit\u00e9 de service.<br \/>Le r\u00e9seau de distribution de Smeia, qui couvre les principales villes du Maroc, \u00e0 savoir Rabat, Casablanca, Tanger, Marrakech et Agadir, pr\u00e9voit \u00e9galement une extension prochaine de son r\u00e9seau sur les villes de F\u00e8s et Oujda.<\/p>\n<p>Auteur: ALM<br \/>\n<a href=\"http:\/\/aujourdhui.ma\/automobile\/festival-international-du-film-de-marrakech-bmw-transporteur-officiel-pour-la-4eme-annee-consecutive\">Cliquez ici pour lire l&rsquo;article depuis sa source.<\/a><\/p>\n","protected":false},"excerpt":{"rendered":"<p>L\u2019importateur exclusif de la marque BMW au Maroc, Smeia, est pour la 4\u00e8me ann\u00e9e cons\u00e9cutive, transporteur officiel du Festival international du film de Marrakech (FIFM), qui se tient jusqu\u2019au 7 d\u00e9cembre, avec lequel il s\u2019associe \u00e0 nouveau pour sa 18\u00e8me \u00e9dition. Un transport que l\u2019importateur assure, selon ses dires, \u00abconform\u00e9ment \u00e0 ses orientations strat\u00e9giques et [&hellip;]<\/p>\n","protected":false},"author":1759,"featured_media":0,"comment_status":"closed","ping_status":"closed","sticky":false,"template":"","format":"standard","meta":{"fifu_image_url":"","fifu_image_alt":"","footnotes":""},"categories":[73,54],"tags":[],"class_list":["post-69292","post","type-post","status-publish","format-standard","hentry","category-actualite","category-maroc"],"_links":{"self":[{"href":"https:\/\/linitiative.ca\/International\/wp-json\/wp\/v2\/posts\/69292","targetHints":{"allow":["GET"]}}],"collection":[{"href":"https:\/\/linitiative.ca\/International\/wp-json\/wp\/v2\/posts"}],"about":[{"href":"https:\/\/linitiative.ca\/International\/wp-json\/wp\/v2\/types\/post"}],"author":[{"embeddable":true,"href":"https:\/\/linitiative.ca\/International\/wp-json\/wp\/v2\/users\/1759"}],"replies":[{"embeddable":true,"href":"https:\/\/linitiative.ca\/International\/wp-json\/wp\/v2\/comments?post=69292"}],"version-history":[{"count":0,"href":"https:\/\/linitiative.ca\/International\/wp-json\/wp\/v2\/posts\/69292\/revisions"}],"wp:attachment":[{"href":"https:\/\/linitiative.ca\/International\/wp-json\/wp\/v2\/media?parent=69292"}],"wp:term":[{"taxonomy":"category","embeddable":true,"href":"https:\/\/linitiative.ca\/International\/wp-json\/wp\/v2\/categories?post=69292"},{"taxonomy":"post_tag","embeddable":true,"href":"https:\/\/linitiative.ca\/International\/wp-json\/wp\/v2\/tags?post=69292"}],"curies":[{"name":"wp","href":"https:\/\/api.w.org\/{rel}","templated":true}]}}