{"id":69297,"date":"2019-12-04T06:57:48","date_gmt":"2019-12-04T11:57:48","guid":{"rendered":"https:\/\/linitiative.ca\/International\/le-bibliobus-reprend-sa-deuxieme-tournee-de-lannee-dans-la-region-de-tanger%ef%bb%bf\/"},"modified":"2019-12-04T06:57:48","modified_gmt":"2019-12-04T11:57:48","slug":"le-bibliobus-reprend-sa-deuxieme-tournee-de-lannee-dans-la-region-de-tanger%ef%bb%bf","status":"publish","type":"post","link":"https:\/\/linitiative.ca\/International\/le-bibliobus-reprend-sa-deuxieme-tournee-de-lannee-dans-la-region-de-tanger%ef%bb%bf\/","title":{"rendered":"Le Bibliobus reprend sa deuxi\u00e8me tourn\u00e9e de l\u2019ann\u00e9e dans la r\u00e9gion de Tanger\ufeff"},"content":{"rendered":"<p class=\"has-text-color has-vivid-cyan-blue-color\"><strong>A l\u2019occasion de la reprise de la tourn\u00e9e du Bibliobus dans la r\u00e9gion de Tanger, la Fondation Renault a organis\u00e9 une c\u00e9r\u00e9monie de lancement, mardi dernier, dans l\u2019\u00e9cole primaire Meloussa enti\u00e8rement r\u00e9habilit\u00e9e par la fondation du Groupe Renault Maroc, en pr\u00e9sence de Marc Nassif, Directeur G\u00e9n\u00e9ral du Groupe Renault Maroc et Jean-Fran\u00e7ois Gal, Directeur G\u00e9n\u00e9ral de l\u2019usine Renault de Tanger.<\/strong><\/p>\n<p>Le Bibliobus entame depuis le 19 novembre sa tourn\u00e9e dans 7 communes rurales de la province de Fahs Anjra qui profitera \u00e0 14 \u00e9tablissements scolaires publics. Jusqu\u2019au 3 janvier, le Renault Master enti\u00e8rement am\u00e9nag\u00e9 en biblioth\u00e8que mobile, mettra \u00e0 disposition de chaque \u00e9tablissement scolaire un programme p\u00e9dagogique interactif autour de la lecture et sous le th\u00e8me du d\u00e9veloppement durable.<\/p>\n<p>En partenariat avec la Fondation Hiba et l\u2019association Al Jisr, ce projet a pour objectif de rapprocher le jeune public des r\u00e9gions rurales et p\u00e9riurbaines de la culture, \u00e0 travers une approche ludique de la lecture comme la gestion d\u2019une biblioth\u00e8que ou encore la lecture par le jeu, le cin\u00e9ma et diff\u00e9rentes formes d\u2019expression artistiques.<\/p>\n<p>Pour cette deuxi\u00e8me tourn\u00e9e, le Bibliobus s\u2019arr\u00eatera 1 semaine par \u00e9cole et proposera aux \u00e9coliers des ateliers culturels et artistiques d\u00e9ploy\u00e9s avec l\u2019aide d\u2019animateurs et encadrants sp\u00e9cialis\u00e9s. Le Bibliobus cl\u00f4turera ses passages par un don d\u2019une centaine de livres, de diff\u00e9rents niveaux en arabe et en fran\u00e7ais, dans chacune des \u00e9coles dans le but d\u2019alimenter la biblioth\u00e8que scolaire.<\/p>\n<p>Par ailleurs, la Fondation Renault Maroc a \u00e9galement saisi l\u2019opportunit\u00e9 de la tourn\u00e9e du Bibliobus dans la r\u00e9gion Fahs Anjra pour r\u00e9habiliter l\u2019\u00e9cole primaire de la commune de Meloussa, fr\u00e9quent\u00e9e par une centaine d\u2019\u00e9l\u00e8ves r\u00e9partis en 5 classes. Les travaux de r\u00e9novations (\u00e9tanch\u00e9it\u00e9, \u00e9lectricit\u00e9, remplacement des fen\u00eatres et portes, peinture, r\u00e9paration des sanitaires et r\u00e9am\u00e9nagement de la cour) permettront aux b\u00e9n\u00e9ficiaires d\u2019\u00e9tudier dans de meilleures conditions.<\/p>\n<p>Le Bibliobus permet de rendre plus attractif l\u2019apprentissage et peut se r\u00e9v\u00e9ler \u00eatre un facteur suppl\u00e9mentaire pour encourager la r\u00e9tention scolaire. La Fondation Renault Maroc vise \u00e0 travers l\u2019organisation des activit\u00e9s parascolaires \u00e0 induire une vision nouvelle de l\u2019\u00e9cole, susciter la curiosit\u00e9 des jeunes et construire des souvenirs \u00e0 partager par la suite.<\/p>\n<p class=\"c2\"><strong>Aimen Bouzoggaghe<\/strong><\/p>\n<p>Auteur: M&rsquo;hammed rahal<br \/>\n<a href=\"http:\/\/albayane.press.ma\/le-bibliobus-reprend-sa-deuxieme-tournee-de-lannee-dans-la-region-de-tanger%EF%BB%BF.html\">Cliquez ici pour lire l&rsquo;article depuis sa source.<\/a><\/p>\n","protected":false},"excerpt":{"rendered":"<p>A l\u2019occasion de la reprise de la tourn\u00e9e du Bibliobus dans la r\u00e9gion de Tanger, la Fondation Renault a organis\u00e9 une c\u00e9r\u00e9monie de lancement, mardi dernier, dans l\u2019\u00e9cole primaire Meloussa enti\u00e8rement r\u00e9habilit\u00e9e par la fondation du Groupe Renault Maroc, en pr\u00e9sence de Marc Nassif, Directeur G\u00e9n\u00e9ral du Groupe Renault Maroc et Jean-Fran\u00e7ois Gal, Directeur G\u00e9n\u00e9ral [&hellip;]<\/p>\n","protected":false},"author":1760,"featured_media":0,"comment_status":"closed","ping_status":"closed","sticky":false,"template":"","format":"standard","meta":{"fifu_image_url":"","fifu_image_alt":"","footnotes":""},"categories":[73,54],"tags":[],"class_list":["post-69297","post","type-post","status-publish","format-standard","hentry","category-actualite","category-maroc"],"_links":{"self":[{"href":"https:\/\/linitiative.ca\/International\/wp-json\/wp\/v2\/posts\/69297","targetHints":{"allow":["GET"]}}],"collection":[{"href":"https:\/\/linitiative.ca\/International\/wp-json\/wp\/v2\/posts"}],"about":[{"href":"https:\/\/linitiative.ca\/International\/wp-json\/wp\/v2\/types\/post"}],"author":[{"embeddable":true,"href":"https:\/\/linitiative.ca\/International\/wp-json\/wp\/v2\/users\/1760"}],"replies":[{"embeddable":true,"href":"https:\/\/linitiative.ca\/International\/wp-json\/wp\/v2\/comments?post=69297"}],"version-history":[{"count":0,"href":"https:\/\/linitiative.ca\/International\/wp-json\/wp\/v2\/posts\/69297\/revisions"}],"wp:attachment":[{"href":"https:\/\/linitiative.ca\/International\/wp-json\/wp\/v2\/media?parent=69297"}],"wp:term":[{"taxonomy":"category","embeddable":true,"href":"https:\/\/linitiative.ca\/International\/wp-json\/wp\/v2\/categories?post=69297"},{"taxonomy":"post_tag","embeddable":true,"href":"https:\/\/linitiative.ca\/International\/wp-json\/wp\/v2\/tags?post=69297"}],"curies":[{"name":"wp","href":"https:\/\/api.w.org\/{rel}","templated":true}]}}