{"id":69300,"date":"2019-12-04T10:56:20","date_gmt":"2019-12-04T15:56:20","guid":{"rendered":"https:\/\/linitiative.ca\/International\/le-6e-salon-national-de-lolivier-ouvre-ses-portes-au-public\/"},"modified":"2019-12-04T10:56:20","modified_gmt":"2019-12-04T15:56:20","slug":"le-6e-salon-national-de-lolivier-ouvre-ses-portes-au-public","status":"publish","type":"post","link":"https:\/\/linitiative.ca\/International\/le-6e-salon-national-de-lolivier-ouvre-ses-portes-au-public\/","title":{"rendered":"Le 6\u00e8 Salon National de l\u2019Olivier ouvre ses portes au public"},"content":{"rendered":"<div class=\"single-featured\"><img alt=\"\" data-src=\"http:\/\/www.mapmarrakech.ma\/map\/uploads\/2019\/12\/ouvsalonolivier-copier.jpg\"\/><\/div>\n<div class=\"single-post-excerpt post-excerpt-bc\" readability=\"40\">\n<p>Municipalit\u00e9 d\u2019El Attaouia (Province d\u2019El Kelaa des Sraghna) \u2013 La 6\u00e8 \u00e9dition du Salon National de l\u2019Olivier (SNO) a ouvert ses portes au public mercredi, \u00e0 la municipalit\u00e9 d\u2019El Attaouia (province d\u2019El Kelaa des Sraghna) en pr\u00e9sence du ministre de l\u2019Agriculture, de la P\u00eache Maritime, du D\u00e9veloppement Rural et des Eaux et For\u00eats, M. Aziz Akhannouch et du pr\u00e9sident de la r\u00e9gion Marrakech-Safi, Ahmed Akhchichene.<\/p>\n<\/div>\n<div class=\"entry-content clearfix single-post-content\" readability=\"72\">\n<p>Organis\u00e9 par l\u2019Association du Salon National de l\u2019Olivier et la F\u00e9d\u00e9ration Interprofessionnelle Marocaine de l\u2019olive, sous l\u2019\u00e9gide du Minist\u00e8re de l\u2019Agriculture, de la P\u00eache Maritime, du D\u00e9veloppement Rural et des Eaux et For\u00eats, ce rendez-vous annuel se veut un espace privil\u00e9gi\u00e9 pour mettre en exergue la fili\u00e8re ol\u00e9icole, ses enjeux et ses d\u00e9fis et une plateforme de rencontre et d\u2019\u00e9change entre les diff\u00e9rents op\u00e9rateurs ol\u00e9icoles.<\/p>\n<p>Cet \u00e9v\u00e9nement, organis\u00e9 sous le th\u00e8me \u00ab\u00a0l\u2019olivier, fili\u00e8re phare pour la cr\u00e9ation d\u2019emploi\u00a0\u00bb, en partenariat avec le Conseil de la R\u00e9gion Marrakech Safi, la Province d\u2019El Kelaa des Sraghna, la Chambre d\u2019Agriculture de Marrakech-Safi, le Conseil Provincial d\u2019El Kelaa des Sraghna et le Conseil Territorial d\u2019El Attaouia, r\u00e9unira plus de 80 exposants repr\u00e9sentant diff\u00e9rents op\u00e9rateurs du secteur alors que plus de 10.000 visiteurs sont attendus pour cette 6\u00e8 \u00e9dition.<\/p>\n<p>Un programme riche est pr\u00e9vu pour cette \u00e9dition avec un large \u00e9ventail d\u2019activit\u00e9s, dont des s\u00e9minaires et des ateliers scientifiques, des animations p\u00e9dagogiques, des guichets th\u00e9matiques d\u00e9di\u00e9s au conseil agricole,\u00a0des ateliers de d\u00e9gustation pour faire d\u00e9couvrir aux visiteurs la diversit\u00e9 et la richesse de la r\u00e9gion en huile d\u2019olive et en olives de table, outre une c\u00e9r\u00e9monie de remise de prix de performance aux meilleures exploitations.<\/p>\n<p>La 6\u00e8me \u00e9dition du SNO qui se poursuit jusqu\u2019au 07 d\u00e9cembre courant, mettra en avant le r\u00f4le majeur de la fili\u00e8re ol\u00e9icole dans la cr\u00e9ation d\u2019emploi qui\u00a0procure au niveau r\u00e9gional plus de 10 millions journ\u00e9es de travail par an.<\/p>\n<p>L\u2019organisation de ce salon est une occasion de mettre en exergue encore une fois l\u2019implication de tous les acteurs du secteur dans le d\u00e9veloppement de la fili\u00e8re ol\u00e9icole, tout en rappelant le r\u00f4le moteur de cette fili\u00e8re dans la cr\u00e9ation d\u2019emploi.<\/p>\n<\/div>\n<p>Auteur: Meriem IGASS<br \/>\n<a href=\"http:\/\/www.mapmarrakech.ma\/fr\/le-6e-salon-national-de-lolivier-ouvre-ses-portes-au-public\/\">Cliquez ici pour lire l&rsquo;article depuis sa source.<\/a><\/p>\n","protected":false},"excerpt":{"rendered":"<p>Municipalit\u00e9 d\u2019El Attaouia (Province d\u2019El Kelaa des Sraghna) \u2013 La 6\u00e8 \u00e9dition du Salon National de l\u2019Olivier (SNO) a ouvert ses portes au public mercredi, \u00e0 la municipalit\u00e9 d\u2019El Attaouia (province d\u2019El Kelaa des Sraghna) en pr\u00e9sence du ministre de l\u2019Agriculture, de la P\u00eache Maritime, du D\u00e9veloppement Rural et des Eaux et For\u00eats, M. Aziz [&hellip;]<\/p>\n","protected":false},"author":1788,"featured_media":69301,"comment_status":"closed","ping_status":"closed","sticky":false,"template":"","format":"standard","meta":{"fifu_image_url":"","fifu_image_alt":"","footnotes":""},"categories":[54,76],"tags":[],"class_list":["post-69300","post","type-post","status-publish","format-standard","has-post-thumbnail","hentry","category-maroc","category-regions"],"_links":{"self":[{"href":"https:\/\/linitiative.ca\/International\/wp-json\/wp\/v2\/posts\/69300","targetHints":{"allow":["GET"]}}],"collection":[{"href":"https:\/\/linitiative.ca\/International\/wp-json\/wp\/v2\/posts"}],"about":[{"href":"https:\/\/linitiative.ca\/International\/wp-json\/wp\/v2\/types\/post"}],"author":[{"embeddable":true,"href":"https:\/\/linitiative.ca\/International\/wp-json\/wp\/v2\/users\/1788"}],"replies":[{"embeddable":true,"href":"https:\/\/linitiative.ca\/International\/wp-json\/wp\/v2\/comments?post=69300"}],"version-history":[{"count":0,"href":"https:\/\/linitiative.ca\/International\/wp-json\/wp\/v2\/posts\/69300\/revisions"}],"wp:featuredmedia":[{"embeddable":true,"href":"https:\/\/linitiative.ca\/International\/wp-json\/"}],"wp:attachment":[{"href":"https:\/\/linitiative.ca\/International\/wp-json\/wp\/v2\/media?parent=69300"}],"wp:term":[{"taxonomy":"category","embeddable":true,"href":"https:\/\/linitiative.ca\/International\/wp-json\/wp\/v2\/categories?post=69300"},{"taxonomy":"post_tag","embeddable":true,"href":"https:\/\/linitiative.ca\/International\/wp-json\/wp\/v2\/tags?post=69300"}],"curies":[{"name":"wp","href":"https:\/\/api.w.org\/{rel}","templated":true}]}}