{"id":69302,"date":"2019-12-04T11:01:43","date_gmt":"2019-12-04T16:01:43","guid":{"rendered":"https:\/\/linitiative.ca\/International\/valorisation-de-lolivier-des-avancees-importantes-au-maroc\/"},"modified":"2019-12-04T11:01:43","modified_gmt":"2019-12-04T16:01:43","slug":"valorisation-de-lolivier-des-avancees-importantes-au-maroc","status":"publish","type":"post","link":"https:\/\/linitiative.ca\/International\/valorisation-de-lolivier-des-avancees-importantes-au-maroc\/","title":{"rendered":"Valorisation de l\u2019olivier: Des avanc\u00e9es importantes au Maroc"},"content":{"rendered":"<div readability=\"41\">\n<p>Municipalit\u00e9 d\u2019El Attaouia (Province d\u2019El Kelaa des Sraghna) \u2013 Le Maroc a accompli des avanc\u00e9es importantes dans le domaine de la valorisation de l\u2019olivier, a soulign\u00e9, mercredi \u00e0 la municipalit\u00e9 d\u2019El Attaouia (Province d\u2019El Kelaa des Sraghna), le ministre de l\u2019Agriculture, de la P\u00eache Maritime, du D\u00e9veloppement Rural et des Eaux et For\u00eats, M. Aziz Akhannouch.<\/p>\n<\/div>\n<div readability=\"91\">\n<p>Les superficies d\u00e9di\u00e9es \u00e0 la culture de l\u2019olivier ont nettement augment\u00e9 dans toutes les r\u00e9gions du Maroc gr\u00e2ce au Plan Maroc Vert (PMV), a-t-il ajout\u00e9 dans une d\u00e9claration \u00e0 la presse \u00e0 l\u2019occasion de l\u2019inauguration de la 6\u00e8 \u00e9dition du Salon National de l\u2019Olivier (SNO).<\/p>\n<p>La baisse de la production de cette campagne est li\u00e9e \u00e0 la s\u00e9cheresse et au ph\u00e9nom\u00e8ne de l\u2019alternance, a-t-il fait remarquer, notant que la production de l\u2019olivier se caract\u00e9rise cette ann\u00e9e par une grande qualit\u00e9 avec l\u2019entr\u00e9e dans cette fili\u00e8re de jeunes ambitieux.<\/p>\n<p>Et le ministre d\u2019indiquer que la production de la R\u00e9gion Marrakech-Safi repr\u00e9sente 25% de la production nationale d\u2019olives, alors que la province d\u2019El Kelaa des Sraghna assure en moyenne plus de 40 % de la production de ladite r\u00e9gion, avec une superficie de pr\u00e8s de 76.000 hectares.<\/p>\n<ol>\n<li>Akhannouch a, \u00e0 cette occasion, visit\u00e9 les stands d\u2019exposition, l\u2019espace du Conseil Agricole, l\u2019atelier de d\u00e9gustation des produits de l\u2019olive, la caravane de l\u2019interprolive et proc\u00e9d\u00e9 \u00e0 la remise des prix aux 12 meilleurs vergers ol\u00e9icoles de la R\u00e9gion Marrakech-Safi.<\/li>\n<\/ol>\n<p>Organis\u00e9 par l\u2019Association du Salon National de l\u2019Olivier et la F\u00e9d\u00e9ration Interprofessionnelle Marocaine de l\u2019olive, sous l\u2019\u00e9gide du minist\u00e8re de l\u2019Agriculture, de la P\u00eache Maritime, du D\u00e9veloppement Rural et des Eaux et For\u00eats, ce rendez-vous annuel, initi\u00e9 sous le th\u00e8me \u00ab\u00a0l\u2019olivier, fili\u00e8re phare pour la cr\u00e9ation d\u2019emploi\u00a0\u00bb,\u00a0se veut un espace privil\u00e9gi\u00e9 pour mettre en exergue la fili\u00e8re ol\u00e9icole, ses enjeux et ses d\u00e9fis et une plateforme de rencontre et d\u2019\u00e9change entre les diff\u00e9rents op\u00e9rateurs ol\u00e9icoles.<\/p>\n<p>Cet \u00e9v\u00e9nement organis\u00e9 \u00e9galement en partenariat avec le Conseil de la R\u00e9gion Marrakech-Safi, la Province d\u2019El Kelaa des Sraghna, la Chambre d\u2019Agriculture de Marrakech-Safi, le Conseil Provincial d\u2019El Kelaa des Sraghna et le Conseil Territorial d\u2019El Attaouia, r\u00e9unira plus de 80 exposants repr\u00e9sentant diff\u00e9rents op\u00e9rateurs du secteur alors que plus de 10.000 visiteurs sont attendus pour cette 6\u00e8 \u00e9dition.<\/p>\n<p>Un programme riche est pr\u00e9vu pour cette \u00e9dition, avec un large \u00e9ventail d\u2019activit\u00e9s, dont des s\u00e9minaires et des ateliers scientifiques, des animations p\u00e9dagogiques, des guichets th\u00e9matiques d\u00e9di\u00e9s au conseil agricole, des ateliers de d\u00e9gustation pour faire d\u00e9couvrir aux visiteurs la diversit\u00e9 et la richesse de la r\u00e9gion en huile d\u2019olive et en olives de table, outre une c\u00e9r\u00e9monie de remise de prix de performance aux meilleures exploitations.<\/p>\n<p>Le 6\u00e8me Salon National de l\u2019Olivier, qui se poursuit jusqu\u2019au 7 d\u00e9cembre, mettra en avant le r\u00f4le majeur de la fili\u00e8re ol\u00e9icole dans la cr\u00e9ation d\u2019emploi qui procure au niveau r\u00e9gional plus de 10 millions journ\u00e9es de travail par an.<\/p>\n<p>L\u2019organisation de ce Salon est une occasion de mettre en exergue encore une fois l\u2019implication de tous les acteurs du secteur dans le d\u00e9veloppement de la fili\u00e8re ol\u00e9icole, tout en rappelant le r\u00f4le moteur de cette fili\u00e8re dans la cr\u00e9ation d\u2019emplois.<\/p>\n<\/div>\n<p>Auteur: Meriem IGASS<br \/>\n<a href=\"http:\/\/www.mapmarrakech.ma\/fr\/valorisation-de-lolivier-des-avancees-importantes-au-maroc\/\">Cliquez ici pour lire l&rsquo;article depuis sa source.<\/a><\/p>\n","protected":false},"excerpt":{"rendered":"<p>Municipalit\u00e9 d\u2019El Attaouia (Province d\u2019El Kelaa des Sraghna) \u2013 Le Maroc a accompli des avanc\u00e9es importantes dans le domaine de la valorisation de l\u2019olivier, a soulign\u00e9, mercredi \u00e0 la municipalit\u00e9 d\u2019El Attaouia (Province d\u2019El Kelaa des Sraghna), le ministre de l\u2019Agriculture, de la P\u00eache Maritime, du D\u00e9veloppement Rural et des Eaux et For\u00eats, M. Aziz [&hellip;]<\/p>\n","protected":false},"author":1788,"featured_media":0,"comment_status":"closed","ping_status":"closed","sticky":false,"template":"","format":"standard","meta":{"fifu_image_url":"","fifu_image_alt":"","footnotes":""},"categories":[54,76],"tags":[],"class_list":["post-69302","post","type-post","status-publish","format-standard","hentry","category-maroc","category-regions"],"_links":{"self":[{"href":"https:\/\/linitiative.ca\/International\/wp-json\/wp\/v2\/posts\/69302","targetHints":{"allow":["GET"]}}],"collection":[{"href":"https:\/\/linitiative.ca\/International\/wp-json\/wp\/v2\/posts"}],"about":[{"href":"https:\/\/linitiative.ca\/International\/wp-json\/wp\/v2\/types\/post"}],"author":[{"embeddable":true,"href":"https:\/\/linitiative.ca\/International\/wp-json\/wp\/v2\/users\/1788"}],"replies":[{"embeddable":true,"href":"https:\/\/linitiative.ca\/International\/wp-json\/wp\/v2\/comments?post=69302"}],"version-history":[{"count":0,"href":"https:\/\/linitiative.ca\/International\/wp-json\/wp\/v2\/posts\/69302\/revisions"}],"wp:attachment":[{"href":"https:\/\/linitiative.ca\/International\/wp-json\/wp\/v2\/media?parent=69302"}],"wp:term":[{"taxonomy":"category","embeddable":true,"href":"https:\/\/linitiative.ca\/International\/wp-json\/wp\/v2\/categories?post=69302"},{"taxonomy":"post_tag","embeddable":true,"href":"https:\/\/linitiative.ca\/International\/wp-json\/wp\/v2\/tags?post=69302"}],"curies":[{"name":"wp","href":"https:\/\/api.w.org\/{rel}","templated":true}]}}