{"id":69308,"date":"2019-12-03T16:50:13","date_gmt":"2019-12-03T21:50:13","guid":{"rendered":"https:\/\/linitiative.ca\/International\/oujda-accueille-un-colloque-international-sur-les-nanosciences\/"},"modified":"2019-12-03T16:50:13","modified_gmt":"2019-12-03T21:50:13","slug":"oujda-accueille-un-colloque-international-sur-les-nanosciences","status":"publish","type":"post","link":"https:\/\/linitiative.ca\/International\/oujda-accueille-un-colloque-international-sur-les-nanosciences\/","title":{"rendered":"Oujda accueille un colloque international sur les nanosciences"},"content":{"rendered":"<p class=\"c4\">Le Campus universitaire de transfert de technologie et d\u2019expertise (CU2TE) d\u2019Oujda accueillera, du 10 au 13 d\u00e9cembre courant, le Congr\u00e8s international sur les mat\u00e9riaux avanc\u00e9s, nanosciences et applications (ICAMANA 2019).<\/p>\n<p class=\"c4\">Cet \u00e9v\u00e8nement, organis\u00e9 par l\u2019Universit\u00e9 Mohammed Premier (UMP) d\u2019Oujda, l\u2019Universit\u00e9 catholique de Louvain (UCLouvain) et Wallonie-Bruxelles International (WBI), aura pour th\u00e8me \u00abLa recherche et l\u2019innovation des mat\u00e9riaux et nanomat\u00e9riaux, perspectives et nouvelles opportunit\u00e9s\u00bb, indiquent les organisateurs sur le site web du congr\u00e8s.<\/p>\n<p class=\"c4\">Cette manifestation scientifique a pour objectif d\u2019explorer les progr\u00e8s r\u00e9cents des recherches et innovations des mat\u00e9riaux fonctionnels et innovants dans des domaines d\u2019applications tr\u00e8s vari\u00e9s, comme le stockage de l\u2019\u00e9nergie, la m\u00e9decine, la pharmaceutique, les cosm\u00e9tiques, le textile, l\u2019emballage, les nanomat\u00e9riaux, les nano-composites, les emballages intelligents et les mat\u00e9riaux mol\u00e9culaires et \u00e9lectroniques.<\/p>\n<p class=\"c4\">Cette rencontre se veut une plateforme pour des discussions et des pr\u00e9sentations sur les mat\u00e9riaux avanc\u00e9s d\u2019origine naturelle ou \u00e9labor\u00e9e pour r\u00e9pondre \u00e0 des besoins sp\u00e9cifiques dans le contexte du d\u00e9veloppement durable, souligne-t-on, affirmant que les conf\u00e9rences seront organis\u00e9es selon des s\u00e9ances pl\u00e9ni\u00e8res pr\u00e9sent\u00e9es par des conf\u00e9renciers de renomm\u00e9e internationale.<\/p>\n<p class=\"c4\">Des s\u00e9ances de pr\u00e9sentations orales et par affiches donneront l\u2019opportunit\u00e9 aux chercheurs, aux doctorants, aux industriels de pr\u00e9senter leurs travaux sur les nouvelles tendances des mat\u00e9riaux et de leurs applications.<\/p>\n<p class=\"c4\">En parall\u00e8le aux travaux du congr\u00e8s, les participants pourront assister \u00e0 une \u00e9cole de formation sur les mat\u00e9riaux intelligents (nano-chimie) et les nanomat\u00e9riaux en utilisant des m\u00e9thodes sophistiqu\u00e9es, telle que la spectrom\u00e9trie M\u00f6ssbauer.<\/p>\n<p>Auteur: Soufiane ELAHMAR<br \/>\n<a href=\"http:\/\/www.mapoujda.ma\/fr\/oujda-accueille-un-colloque-international-sur-les-nanosciences\/\">Cliquez ici pour lire l&rsquo;article depuis sa source.<\/a><\/p>\n","protected":false},"excerpt":{"rendered":"<p>Le Campus universitaire de transfert de technologie et d\u2019expertise (CU2TE) d\u2019Oujda accueillera, du 10 au 13 d\u00e9cembre courant, le Congr\u00e8s international sur les mat\u00e9riaux avanc\u00e9s, nanosciences et applications (ICAMANA 2019). Cet \u00e9v\u00e8nement, organis\u00e9 par l\u2019Universit\u00e9 Mohammed Premier (UMP) d\u2019Oujda, l\u2019Universit\u00e9 catholique de Louvain (UCLouvain) et Wallonie-Bruxelles International (WBI), aura pour th\u00e8me \u00abLa recherche et l\u2019innovation [&hellip;]<\/p>\n","protected":false},"author":1788,"featured_media":0,"comment_status":"closed","ping_status":"closed","sticky":false,"template":"","format":"standard","meta":{"fifu_image_url":"","fifu_image_alt":"","footnotes":""},"categories":[54,76],"tags":[],"class_list":["post-69308","post","type-post","status-publish","format-standard","hentry","category-maroc","category-regions"],"_links":{"self":[{"href":"https:\/\/linitiative.ca\/International\/wp-json\/wp\/v2\/posts\/69308","targetHints":{"allow":["GET"]}}],"collection":[{"href":"https:\/\/linitiative.ca\/International\/wp-json\/wp\/v2\/posts"}],"about":[{"href":"https:\/\/linitiative.ca\/International\/wp-json\/wp\/v2\/types\/post"}],"author":[{"embeddable":true,"href":"https:\/\/linitiative.ca\/International\/wp-json\/wp\/v2\/users\/1788"}],"replies":[{"embeddable":true,"href":"https:\/\/linitiative.ca\/International\/wp-json\/wp\/v2\/comments?post=69308"}],"version-history":[{"count":0,"href":"https:\/\/linitiative.ca\/International\/wp-json\/wp\/v2\/posts\/69308\/revisions"}],"wp:attachment":[{"href":"https:\/\/linitiative.ca\/International\/wp-json\/wp\/v2\/media?parent=69308"}],"wp:term":[{"taxonomy":"category","embeddable":true,"href":"https:\/\/linitiative.ca\/International\/wp-json\/wp\/v2\/categories?post=69308"},{"taxonomy":"post_tag","embeddable":true,"href":"https:\/\/linitiative.ca\/International\/wp-json\/wp\/v2\/tags?post=69308"}],"curies":[{"name":"wp","href":"https:\/\/api.w.org\/{rel}","templated":true}]}}