{"id":69309,"date":"2019-12-03T17:20:54","date_gmt":"2019-12-03T22:20:54","guid":{"rendered":"https:\/\/linitiative.ca\/International\/message-de-condoleances-de-sm-le-roi-a-la-famille-du-president-de-la-communaute-juive-de-fes-oujda-et-sefrou-armand-guigui\/"},"modified":"2019-12-03T17:20:54","modified_gmt":"2019-12-03T22:20:54","slug":"message-de-condoleances-de-sm-le-roi-a-la-famille-du-president-de-la-communaute-juive-de-fes-oujda-et-sefrou-armand-guigui","status":"publish","type":"post","link":"https:\/\/linitiative.ca\/International\/message-de-condoleances-de-sm-le-roi-a-la-famille-du-president-de-la-communaute-juive-de-fes-oujda-et-sefrou-armand-guigui\/","title":{"rendered":"Message de condol\u00e9ances de SM le Roi \u00e0 la famille du pr\u00e9sident de la communaut\u00e9 juive de F\u00e8s, Oujda et Sefrou Armand Guigui"},"content":{"rendered":"<div class=\"single-featured\"><img alt=\"\" data-src=\"http:\/\/www.mapoujda.ma\/map\/uploads\/2019\/12\/SM-le-Roi-M750\u00d7430-MAP-Archive.jpg\"\/><\/div>\n<div class=\"entry-content clearfix single-post-content\" readability=\"58\">\n<p class=\"c4\">Sa Majest\u00e9 le Roi Mohammed VI a adress\u00e9 un message de condol\u00e9ances et de compassion aux membres de la famille du pr\u00e9sident de la communaut\u00e9 juive de F\u00e8s, Oujda et\u00a0Sefrou,\u00a0Dr Armand Guigui.<\/p>\n<p class=\"c4\">Dans ce message, le Souverain affirme avoir appris avec une profonde \u00e9motion le d\u00e9c\u00e8s d\u2019Armand Guiguin, que Dieu l\u2019entoure de Sa grande mis\u00e9ricorde.<\/p>\n<p class=\"c4\">En cette douloureuse circonstance, SM le Roi exprime aux membres de la famille du d\u00e9funt, et \u00e0 travers eux \u00e0 ses proches et aux membres de la communaut\u00e9 juive marocaine, Ses vives condol\u00e9ances et Ses sinc\u00e8res sentiments de compassion, suite \u00e0 cette perte cruelle, implorant le Tout-puissant de leur accorder patience et consolation.<\/p>\n<p class=\"c4\">Le Souverain dit se rem\u00e9morer les qualit\u00e9s du d\u00e9funt, en invoquant son esprit patriotique et son attachement aux constantes et valeurs sacr\u00e9es de la Nation et au glorieux Tr\u00f4ne alaouite, priant Dieu, d\u2019agr\u00e9er feu Guigui en Son Royaume C\u00e9leste et de le r\u00e9tribuer amplement pour les louables services rendus \u00e0 sa patrie.<\/p>\n<\/div>\n<p>Auteur: Soufiane ELAHMAR<br \/>\n<a href=\"http:\/\/www.mapoujda.ma\/fr\/message-de-condoleances-de-sm-le-roi-a-la-famille-du-president-de-la-communaute-juive-de-fes-oujda-et-sefrou-armand-guigui\/\">Cliquez ici pour lire l&rsquo;article depuis sa source.<\/a><\/p>\n","protected":false},"excerpt":{"rendered":"<p>Sa Majest\u00e9 le Roi Mohammed VI a adress\u00e9 un message de condol\u00e9ances et de compassion aux membres de la famille du pr\u00e9sident de la communaut\u00e9 juive de F\u00e8s, Oujda et\u00a0Sefrou,\u00a0Dr Armand Guigui. Dans ce message, le Souverain affirme avoir appris avec une profonde \u00e9motion le d\u00e9c\u00e8s d\u2019Armand Guiguin, que Dieu l\u2019entoure de Sa grande mis\u00e9ricorde. [&hellip;]<\/p>\n","protected":false},"author":1788,"featured_media":69310,"comment_status":"closed","ping_status":"closed","sticky":false,"template":"","format":"standard","meta":{"fifu_image_url":"","fifu_image_alt":"","footnotes":""},"categories":[54,76],"tags":[],"class_list":["post-69309","post","type-post","status-publish","format-standard","has-post-thumbnail","hentry","category-maroc","category-regions"],"_links":{"self":[{"href":"https:\/\/linitiative.ca\/International\/wp-json\/wp\/v2\/posts\/69309","targetHints":{"allow":["GET"]}}],"collection":[{"href":"https:\/\/linitiative.ca\/International\/wp-json\/wp\/v2\/posts"}],"about":[{"href":"https:\/\/linitiative.ca\/International\/wp-json\/wp\/v2\/types\/post"}],"author":[{"embeddable":true,"href":"https:\/\/linitiative.ca\/International\/wp-json\/wp\/v2\/users\/1788"}],"replies":[{"embeddable":true,"href":"https:\/\/linitiative.ca\/International\/wp-json\/wp\/v2\/comments?post=69309"}],"version-history":[{"count":0,"href":"https:\/\/linitiative.ca\/International\/wp-json\/wp\/v2\/posts\/69309\/revisions"}],"wp:featuredmedia":[{"embeddable":true,"href":"https:\/\/linitiative.ca\/International\/wp-json\/"}],"wp:attachment":[{"href":"https:\/\/linitiative.ca\/International\/wp-json\/wp\/v2\/media?parent=69309"}],"wp:term":[{"taxonomy":"category","embeddable":true,"href":"https:\/\/linitiative.ca\/International\/wp-json\/wp\/v2\/categories?post=69309"},{"taxonomy":"post_tag","embeddable":true,"href":"https:\/\/linitiative.ca\/International\/wp-json\/wp\/v2\/tags?post=69309"}],"curies":[{"name":"wp","href":"https:\/\/api.w.org\/{rel}","templated":true}]}}