{"id":69311,"date":"2019-12-04T06:23:29","date_gmt":"2019-12-04T11:23:29","guid":{"rendered":"https:\/\/linitiative.ca\/International\/demantelement-dune-cellule-terroriste-partisane-de-daech\/"},"modified":"2019-12-04T06:23:29","modified_gmt":"2019-12-04T11:23:29","slug":"demantelement-dune-cellule-terroriste-partisane-de-daech","status":"publish","type":"post","link":"https:\/\/linitiative.ca\/International\/demantelement-dune-cellule-terroriste-partisane-de-daech\/","title":{"rendered":"D\u00e9mant\u00e8lement d\u2019une cellule terroriste partisane de \u00ab\u00a0Daech\u00a0\u00bb"},"content":{"rendered":"<p class=\"c4\">Dans le cadre des efforts continus d\u00e9ploy\u00e9s pour lutter contre le danger terroriste, le Bureau central d\u2019investigations judiciaires (BCIJ), relevant de la Direction g\u00e9n\u00e9rale de la surveillance du territoire (DGST), a r\u00e9ussi mercredi, en coordination avec la police nationale espagnole, \u00e0 d\u00e9manteler une cellule terroriste partisane de \u00ab\u00a0Daech\u00a0\u00bb, porteuse de projets terroristes et compos\u00e9e de 4 membres \u00e2g\u00e9s entre 24 et 39 ans.<\/p>\n<p class=\"c4\">Cette op\u00e9ration, qui s\u2019inscrit dans le cadre de la coop\u00e9ration entre les services de s\u00e9curit\u00e9 marocains et espagnols, a permis d\u2019arr\u00eater 3 individus s\u2019activant dans la r\u00e9gion de Farkhana et B\u00e9ni Nsar (Nador), dont le fr\u00e8re d\u2019un combattant pr\u00e9sent sur la sc\u00e8ne syro-irakienne, indique un communiqu\u00e9 du BCIJ, pr\u00e9cisant que le chef de cette cellule a \u00e9t\u00e9 arr\u00eat\u00e9 simultan\u00e9ment dans la banlieue de la capitale espagnole, Madrid.<\/p>\n<p class=\"c4\">Les premiers \u00e9l\u00e9ments de l\u2019enqu\u00eate ont prouv\u00e9 que les membres extr\u00e9mistes de cette cellule ont adh\u00e9r\u00e9 \u00e0 des campagnes de propagande faisant l\u2019apologie des actes sanguinaires de \u00ab\u00a0Daech\u00a0\u00bb, tout en intensifiant des appels d\u2019incitation en repr\u00e9sailles contre la mort du \u00ab\u00a0calife\u00a0\u00bb pr\u00e9sum\u00e9 de cette organisation terroriste, a ajout\u00e9 la m\u00eame source.<\/p>\n<p class=\"c4\">L\u2019enqu\u00eate a montr\u00e9 que les \u00e9l\u00e9ments de cette cellule organisaient des r\u00e9unions pour assurer le suivi de la situation actuelle de la sc\u00e8ne syro-irakienne et planifier des op\u00e9rations terroristes en r\u00e9ponse aux appels r\u00e9p\u00e9titifs des leaders de \u00ab\u00a0Daech\u00a0\u00bb ciblant divers pays du monde, a fait savoir le BCIJ.<\/p>\n<p class=\"c4\">Cette op\u00e9ration a permis de saisir des \u00e9quipements \u00e9lectroniques, des t\u00e9l\u00e9phones portables, des cagoules, ainsi que des livres et des manuscrits \u00e0 caract\u00e8re extr\u00e9miste, note le communiqu\u00e9.<\/p>\n<p class=\"c4\">Cette op\u00e9ration s\u00e9curitaire conjointe intervient au moment o\u00f9 le danger terroriste, qui guette les deux Royaumes, ne cesse de cro\u00eetre, au moment o\u00f9 les alli\u00e9s de \u00ab\u00a0Daech\u00a0\u00bb intensifient leurs activit\u00e9s en dehors des zones de tension, \u00e0 l\u2019aide de campagnes d\u2019incitation dans divers pays.<\/p>\n<p class=\"c4\">Les suspects seront d\u00e9f\u00e9r\u00e9s devant la justice d\u00e8s la fin de l\u2019enqu\u00eate men\u00e9e sous la supervision du parquet comp\u00e9tent, conclut le communiqu\u00e9.<\/p>\n<p>Auteur: Soufiane ELAHMAR<br \/>\n<a href=\"http:\/\/www.mapoujda.ma\/fr\/demantelement-dune-cellule-terroriste-partisane-de-daech\/\">Cliquez ici pour lire l&rsquo;article depuis sa source.<\/a><\/p>\n","protected":false},"excerpt":{"rendered":"<p>Dans le cadre des efforts continus d\u00e9ploy\u00e9s pour lutter contre le danger terroriste, le Bureau central d\u2019investigations judiciaires (BCIJ), relevant de la Direction g\u00e9n\u00e9rale de la surveillance du territoire (DGST), a r\u00e9ussi mercredi, en coordination avec la police nationale espagnole, \u00e0 d\u00e9manteler une cellule terroriste partisane de \u00ab\u00a0Daech\u00a0\u00bb, porteuse de projets terroristes et compos\u00e9e de [&hellip;]<\/p>\n","protected":false},"author":1788,"featured_media":0,"comment_status":"closed","ping_status":"closed","sticky":false,"template":"","format":"standard","meta":{"fifu_image_url":"","fifu_image_alt":"","footnotes":""},"categories":[54,76],"tags":[],"class_list":["post-69311","post","type-post","status-publish","format-standard","hentry","category-maroc","category-regions"],"_links":{"self":[{"href":"https:\/\/linitiative.ca\/International\/wp-json\/wp\/v2\/posts\/69311","targetHints":{"allow":["GET"]}}],"collection":[{"href":"https:\/\/linitiative.ca\/International\/wp-json\/wp\/v2\/posts"}],"about":[{"href":"https:\/\/linitiative.ca\/International\/wp-json\/wp\/v2\/types\/post"}],"author":[{"embeddable":true,"href":"https:\/\/linitiative.ca\/International\/wp-json\/wp\/v2\/users\/1788"}],"replies":[{"embeddable":true,"href":"https:\/\/linitiative.ca\/International\/wp-json\/wp\/v2\/comments?post=69311"}],"version-history":[{"count":0,"href":"https:\/\/linitiative.ca\/International\/wp-json\/wp\/v2\/posts\/69311\/revisions"}],"wp:attachment":[{"href":"https:\/\/linitiative.ca\/International\/wp-json\/wp\/v2\/media?parent=69311"}],"wp:term":[{"taxonomy":"category","embeddable":true,"href":"https:\/\/linitiative.ca\/International\/wp-json\/wp\/v2\/categories?post=69311"},{"taxonomy":"post_tag","embeddable":true,"href":"https:\/\/linitiative.ca\/International\/wp-json\/wp\/v2\/tags?post=69311"}],"curies":[{"name":"wp","href":"https:\/\/api.w.org\/{rel}","templated":true}]}}