{"id":69312,"date":"2019-12-04T15:14:04","date_gmt":"2019-12-04T20:14:04","guid":{"rendered":"https:\/\/linitiative.ca\/International\/afrique-caf-joueur-africain-de-lannee-3-joueurs-algeriens-parmi-les-10-nomines\/"},"modified":"2019-12-04T15:14:04","modified_gmt":"2019-12-04T20:14:04","slug":"afrique-caf-joueur-africain-de-lannee-3-joueurs-algeriens-parmi-les-10-nomines","status":"publish","type":"post","link":"https:\/\/linitiative.ca\/International\/afrique-caf-joueur-africain-de-lannee-3-joueurs-algeriens-parmi-les-10-nomines\/","title":{"rendered":"Afrique : CAF &#8211; Joueur Africain de l&rsquo;Ann\u00e9e : 3 joueurs alg\u00e9riens parmi les 10 nomin\u00e9s"},"content":{"rendered":"<div readability=\"32\">\n<p>Auteur : <span class=\"time\">mercredi 04 d\u00e9cembre 2019 13:05<\/span><\/p>\n<\/div>\n<div id=\"post_core\" readability=\"47\">\n<p>Et ce sera bient\u00f4t le titre de meilleur joueur africain de l\u2019ann\u00e9e qui sera d\u00e9cern\u00e9. En effet, la liste des 10 nomin\u00e9s vient de tomber comme le souligne Footmercato.<\/p>\n<p>La Conf\u00e9d\u00e9ration Africaine de Football vient de donner les diff\u00e9rents noms en liste pour cette distinction. Ainsi, on retrouve des \u00e9l\u00e9ments qui ont brill\u00e9 avec leur club et leur s\u00e9lection pendant la derni\u00e8re Coupe d\u2019Afrique des Nations, l\u2019\u00e9t\u00e9 dernier.<\/p>\n<p><strong>La liste des 10 nomin\u00e9s\u00a0:<\/strong><\/p>\n<p>Andr\u00e9 Onana (Ajax\/Cameroun)<br \/>Hakim Ziyech (Ajax\/Maroc)<br \/>Ismail Bennacer (AC Milan\/Alg\u00e9rie)<br \/>Kalidou Koulibaly (Naples\/S\u00e9n\u00e9gal)<br \/>Mohamed Salah (Liverpool\/\u00c9gypte)<br \/>Odion Ighalo (hanghai Shenhua\/Nigeria)<br \/>Pierre-Emerick Aubameyang (Arsenal\/Gabon)<br \/>Riyad Mahrez (Manchester City\/Alg\u00e9rie)<br \/>Sadio Man\u00e9 (Liverpool\/S\u00e9n\u00e9gal)<br \/>Youcef Belaili ( Al-Ahli SC\/Alg\u00e9rie)<\/p>\n<\/div>\n<p>Auteur:<br \/>\n<a href=\"http:\/\/www.lebuteur.com\/article\/detail?titre=caf-joueur-africain-de-lannee-3-joueurs-algeriens-parmi-les-10-nomines&#038;id=93369&#038;utm_source=feedburner&#038;utm_medium=feed&#038;utm_campaign=Feed%3A+GalerieFArtciles+%28Les+derniers+articles++-+lebuteur.com%29\">Cliquez ici pour lire l&rsquo;article depuis sa source.<\/a><\/p>\n","protected":false},"excerpt":{"rendered":"<p>Auteur : mercredi 04 d\u00e9cembre 2019 13:05 Et ce sera bient\u00f4t le titre de meilleur joueur africain de l\u2019ann\u00e9e qui sera d\u00e9cern\u00e9. En effet, la liste des 10 nomin\u00e9s vient de tomber comme le souligne Footmercato. La Conf\u00e9d\u00e9ration Africaine de Football vient de donner les diff\u00e9rents noms en liste pour cette distinction. Ainsi, on retrouve [&hellip;]<\/p>\n","protected":false},"author":1738,"featured_media":69313,"comment_status":"closed","ping_status":"closed","sticky":false,"template":"","format":"standard","meta":{"fifu_image_url":"","fifu_image_alt":"","footnotes":""},"categories":[53,75],"tags":[],"class_list":["post-69312","post","type-post","status-publish","format-standard","has-post-thumbnail","hentry","category-algerie","category-sport"],"_links":{"self":[{"href":"https:\/\/linitiative.ca\/International\/wp-json\/wp\/v2\/posts\/69312","targetHints":{"allow":["GET"]}}],"collection":[{"href":"https:\/\/linitiative.ca\/International\/wp-json\/wp\/v2\/posts"}],"about":[{"href":"https:\/\/linitiative.ca\/International\/wp-json\/wp\/v2\/types\/post"}],"author":[{"embeddable":true,"href":"https:\/\/linitiative.ca\/International\/wp-json\/wp\/v2\/users\/1738"}],"replies":[{"embeddable":true,"href":"https:\/\/linitiative.ca\/International\/wp-json\/wp\/v2\/comments?post=69312"}],"version-history":[{"count":0,"href":"https:\/\/linitiative.ca\/International\/wp-json\/wp\/v2\/posts\/69312\/revisions"}],"wp:featuredmedia":[{"embeddable":true,"href":"https:\/\/linitiative.ca\/International\/wp-json\/"}],"wp:attachment":[{"href":"https:\/\/linitiative.ca\/International\/wp-json\/wp\/v2\/media?parent=69312"}],"wp:term":[{"taxonomy":"category","embeddable":true,"href":"https:\/\/linitiative.ca\/International\/wp-json\/wp\/v2\/categories?post=69312"},{"taxonomy":"post_tag","embeddable":true,"href":"https:\/\/linitiative.ca\/International\/wp-json\/wp\/v2\/tags?post=69312"}],"curies":[{"name":"wp","href":"https:\/\/api.w.org\/{rel}","templated":true}]}}