{"id":69314,"date":"2019-12-04T15:14:06","date_gmt":"2019-12-04T20:14:06","guid":{"rendered":"https:\/\/linitiative.ca\/International\/international-inter-veron-semballe-pour-lautaro-martinez\/"},"modified":"2019-12-04T15:14:06","modified_gmt":"2019-12-04T20:14:06","slug":"international-inter-veron-semballe-pour-lautaro-martinez","status":"publish","type":"post","link":"https:\/\/linitiative.ca\/International\/international-inter-veron-semballe-pour-lautaro-martinez\/","title":{"rendered":"International : Inter\u00a0: Veron s\u2019emballe pour Lautaro Martinez"},"content":{"rendered":"<div readability=\"32\">\n<p>Auteur : <span class=\"time\">mercredi 04 d\u00e9cembre 2019 15:00<\/span><\/p>\n<\/div>\n<div id=\"post_core\" readability=\"53\">\n<p>Le club nerazzuro peut s\u2019appuyer sur les qualit\u00e9s offensives de son duo Lukaku-Lautaro Martinez, qui cartonne depuis le d\u00e9but de saison. Ces derni\u00e8res semaines, c\u2019est surtout l\u2019Argentin, \u00e2g\u00e9 de 22 ans, qui brille, avec 5 buts lors des 3 derniers matches toutes comp\u00e9titions confondues. Dans des propos relay\u00e9s par Footmercato, l\u2019ancien milieu de terrain de l\u2019Inter Juan Sebastian Veron a dit tout le bien qu\u2019il pensait de son compatriote.<\/p>\n<p>\u00ab\u00a0Ce n\u2019est pas un attaquant central classique comme Batistuta mais c\u2019est un attaquant complet. Il a toutes les qualit\u00e9s dont vous avez besoin. Techniquement, il est fort, il est bon de la t\u00eate, il est rapide. C\u2019est impossible de le comparer car Lautaro est un m\u00e9lange. Je vous explique\u00a0: je vois en lui certains mouvements d\u2019Ag\u00fcero, surtout lorsque l\u2019\u00e9quipe avance. Il a la puissance de Batistuta quand il frappe et la ruse de Crespo dans la surface. Il sait toujours se mettre au bon endroit au bon moment\u00a0\u00bb. Des \u00e9loges qui raviront s\u00fbrement Lautaro Martinez, qui en est \u00e0 13 buts toutes comp\u00e9titions confondues cette saison.<\/p>\n<p><strong>Publi\u00e9 dans :<\/strong> <span>Lautaro Martinez<\/span> <span>Inter\u00a0: Veron<\/span><\/p>\n<\/div>\n<p>Auteur:<br \/>\n<a href=\"http:\/\/www.lebuteur.com\/article\/detail?titre=inter%C2%A0-veron-semballe-pour-lautaro-martinez&#038;id=93370&#038;utm_source=feedburner&#038;utm_medium=feed&#038;utm_campaign=Feed%3A+GalerieFArtciles+%28Les+derniers+articles++-+lebuteur.com%29\">Cliquez ici pour lire l&rsquo;article depuis sa source.<\/a><\/p>\n","protected":false},"excerpt":{"rendered":"<p>Auteur : mercredi 04 d\u00e9cembre 2019 15:00 Le club nerazzuro peut s\u2019appuyer sur les qualit\u00e9s offensives de son duo Lukaku-Lautaro Martinez, qui cartonne depuis le d\u00e9but de saison. Ces derni\u00e8res semaines, c\u2019est surtout l\u2019Argentin, \u00e2g\u00e9 de 22 ans, qui brille, avec 5 buts lors des 3 derniers matches toutes comp\u00e9titions confondues. Dans des propos relay\u00e9s [&hellip;]<\/p>\n","protected":false},"author":1738,"featured_media":69315,"comment_status":"closed","ping_status":"closed","sticky":false,"template":"","format":"standard","meta":{"fifu_image_url":"","fifu_image_alt":"","footnotes":""},"categories":[53,75],"tags":[],"class_list":["post-69314","post","type-post","status-publish","format-standard","has-post-thumbnail","hentry","category-algerie","category-sport"],"_links":{"self":[{"href":"https:\/\/linitiative.ca\/International\/wp-json\/wp\/v2\/posts\/69314","targetHints":{"allow":["GET"]}}],"collection":[{"href":"https:\/\/linitiative.ca\/International\/wp-json\/wp\/v2\/posts"}],"about":[{"href":"https:\/\/linitiative.ca\/International\/wp-json\/wp\/v2\/types\/post"}],"author":[{"embeddable":true,"href":"https:\/\/linitiative.ca\/International\/wp-json\/wp\/v2\/users\/1738"}],"replies":[{"embeddable":true,"href":"https:\/\/linitiative.ca\/International\/wp-json\/wp\/v2\/comments?post=69314"}],"version-history":[{"count":0,"href":"https:\/\/linitiative.ca\/International\/wp-json\/wp\/v2\/posts\/69314\/revisions"}],"wp:featuredmedia":[{"embeddable":true,"href":"https:\/\/linitiative.ca\/International\/wp-json\/"}],"wp:attachment":[{"href":"https:\/\/linitiative.ca\/International\/wp-json\/wp\/v2\/media?parent=69314"}],"wp:term":[{"taxonomy":"category","embeddable":true,"href":"https:\/\/linitiative.ca\/International\/wp-json\/wp\/v2\/categories?post=69314"},{"taxonomy":"post_tag","embeddable":true,"href":"https:\/\/linitiative.ca\/International\/wp-json\/wp\/v2\/tags?post=69314"}],"curies":[{"name":"wp","href":"https:\/\/api.w.org\/{rel}","templated":true}]}}