{"id":69322,"date":"2019-12-04T15:19:08","date_gmt":"2019-12-04T20:19:08","guid":{"rendered":"https:\/\/linitiative.ca\/International\/tidjani-hassan-haddam-a-la-14e-reunion-regionale-de-loit-engagement-pour-la-consolidation-du-travail-decent\/"},"modified":"2019-12-04T15:19:08","modified_gmt":"2019-12-04T20:19:08","slug":"tidjani-hassan-haddam-a-la-14e-reunion-regionale-de-loit-engagement-pour-la-consolidation-du-travail-decent","status":"publish","type":"post","link":"https:\/\/linitiative.ca\/International\/tidjani-hassan-haddam-a-la-14e-reunion-regionale-de-loit-engagement-pour-la-consolidation-du-travail-decent\/","title":{"rendered":"Tidjani Hassan Haddam \u00e0 la 14e r\u00e9union r\u00e9gionale de l\u2019OIT :  Engagement pour la consolidation  du travail d\u00e9cent"},"content":{"rendered":"<p>S&rsquo;exprimant lors des travaux de la 14e R\u00e9union r\u00e9gionale africaine de l&rsquo;Organisation\u00a0 internationale du travail (OIT) \u00e0 Abidjan (C\u00f4te d&rsquo;Ivoire), le ministre du Travail, de l&rsquo;Emploi et de la S\u00e9curit\u00e9 sociale, Tidjani Hassan Haddam, a pr\u00e9cis\u00e9 que l&rsquo;Alg\u00e9rie \u00abr\u00e9affirme\u00a0 son engagement et sa disponibilit\u00e9 totale \u00e0 poursuivre l&rsquo;action au niveau r\u00e9gional\u00a0 afin de renforcer le travail d\u00e9cent et r\u00e9aliser, ainsi, le d\u00e9veloppement durable\u00bb. Il a ajout\u00e9 que le d\u00e9fi prochain consistera en \u00abla mise au point des politiques publiques favorisant la cr\u00e9ation d&rsquo;entreprises qui g\u00e9n\u00e8reront, \u00e0 leur tour, des postes d&#8217;emploi et contribueront \u00e0 la richesse et au d\u00e9veloppement\u00bb, notamment les start-up activant dans le domaine de l&rsquo;\u00e9conomie num\u00e9rique et verte.<br \/>De ce fait, le ministre a soulign\u00e9 que le gouvernement alg\u00e9rien \u00ab\u0153uvre actuellement \u00e0 la mise en place de m\u00e9canismes plus incitatifs au profit des start-up\u00bb car contribuant \u00e0 la cr\u00e9ation de la valeur ajout\u00e9e pour l&rsquo;\u00e9conomie nationale, notamment ceux sp\u00e9cialis\u00e9s en des industries techniques et des logiciels innovants. Rappelant que l&rsquo;Alg\u00e9rie avait allou\u00e9, depuis son ind\u00e9pendance, d&rsquo;importantes ressources financi\u00e8res au d\u00e9veloppement humain, et \u00abconsacre annuellement plus de 11% du produit int\u00e9rieur brut (PIB) aux transferts sociaux\u00bb, M. Haddam a affirm\u00e9 que l&rsquo;Etat \u00abgarantit \u00e0 tous les citoyens la gratuit\u00e9 de l&rsquo;acc\u00e8s \u00e0 l&rsquo;\u00e9ducation et \u00e0 la prise en charge sanitaire \u00e0 travers tout le territoire national\u00bb. Il a \u00e9voqu\u00e9, dans ce cadre, le syst\u00e8me national de la protection sociale qui \u00abtouche toutes les franges de la soci\u00e9t\u00e9, couvre tous les risques de la s\u00e9curit\u00e9 sociale et sauvegarde la dignit\u00e9 des cat\u00e9gories vuln\u00e9rables de cette soci\u00e9t\u00e9\u00bb. Le ministre a rappel\u00e9, en outre, que l&rsquo;Alg\u00e9rie avait \u0153uvr\u00e9 \u00e0 la concr\u00e9tisation du dialogue social, notamment \u00e0 travers le m\u00e9canisme de la tripartite, \u00e9tant un outil de r\u00e9solution de toutes les questions relatives au d\u00e9veloppement socio\u00e9conomique du pays, faisant \u00e9tat de \u00abla mise en place des m\u00e9canismes pragmatiques ayant soutenu cette dynamique visant la promotion de toute l&rsquo;activit\u00e9 syndicale, en ce sens que la sc\u00e8ne syndicale a \u00e9t\u00e9, durant les derniers mois, renforc\u00e9e par plus de 20 nouveaux syndicats. L&rsquo;Alg\u00e9rie est d\u00e9termin\u00e9e, pour s&rsquo;adapter aux exigences de la nouvelle conjoncture politique, \u00abplus que jamais, \u00e0 renforcer les espaces de libert\u00e9s et les pratiques syndicales et d\u00e9mocratiques\u00bb, a soulign\u00e9 le ministre, affirmant que le pays \u00abverra certainement un saut qualitatif en la mati\u00e8re, apr\u00e8s les \u00e9ch\u00e9ances \u00e9lectorales que conna\u00eetra le pays\u00bb. Convaincu de sa responsabilit\u00e9 de solidarit\u00e9 avec nos fr\u00e8res dans le continent africain, poursuit le ministre, \u00able Gouvernement alg\u00e9rien a concr\u00e9tis\u00e9, en collaboration avec le Bureau international du travail (BIT) dans le cadre du partenariat Sud-Sud, un programme autour du dialogue social et de la s\u00e9curit\u00e9 sociale, ayant permis \u00e0 plusieurs experts et cadres de ces pays de tirer profit de l&rsquo;exp\u00e9rience de notre pays dans ces deux domaines\u00bb.<br \/>\u00a0Concernant la r\u00e9union r\u00e9gionale africaine, M. Haddam a estim\u00e9 que les questions qu&rsquo;elle aborde rev\u00eatent \u00abune grande importance \u00e0 la lumi\u00e8re des changements profonds et multidimensionnelles qui caract\u00e9risent les \u00e9conomies africaines\u00bb, ce qui requiert de tout un chacun, a-t-il dit, \u00ab la mise en place de politiques et de strat\u00e9gies en vue de traiter les impacts sociaux de ces changements \u00e0 travers la promotion de l&#8217;emploi, le respect des crit\u00e8res fondamentaux du travail, la concr\u00e9tisation du dialogue social et la recherche d&rsquo;une meilleure s\u00e9curit\u00e9 sociale\u00bb. M. Haddam a indiqu\u00e9 que cette r\u00e9union devra braquer la lumi\u00e8re sur le rapport du Directeur g\u00e9n\u00e9ral, ainsi que sur les r\u00e9sultats positifs des activit\u00e9s strat\u00e9giques dans le cadre de la mise en \u0153uvre du centenaire de la d\u00e9claration de l&rsquo;OIT, de la d\u00e9claration d&rsquo;Addis-Abeba adopt\u00e9e en r\u00e9union r\u00e9gionale africaine dans sa 13e session.<br \/>Le ministre a salu\u00e9, par la m\u00eame, le dialogue de haut niveau qui a \u00e9t\u00e9 consacr\u00e9 au d\u00e9bat du th\u00e8me \u00abLa justice sociale: comment fa\u00e7onner une approche future pour le travail d\u00e9cent en Afrique\u00bb. Il a qualifi\u00e9, \u00e0 ce titre, ce document de r\u00e9f\u00e9rence qui met l&rsquo;Homme eu c\u0153ur de la probl\u00e9matique des politiques de d\u00e9veloppement socio\u00e9conomique dans un monde qui s&rsquo;oriente vers le num\u00e9rique.<\/p>\n<p>Auteur: elmoudjahid<br \/>\n<a href=\"http:\/\/www.elmoudjahid.com\/fr\/actualites\/145373\">Cliquez ici pour lire l&rsquo;article depuis sa source.<\/a><\/p>\n","protected":false},"excerpt":{"rendered":"<p>S&rsquo;exprimant lors des travaux de la 14e R\u00e9union r\u00e9gionale africaine de l&rsquo;Organisation\u00a0 internationale du travail (OIT) \u00e0 Abidjan (C\u00f4te d&rsquo;Ivoire), le ministre du Travail, de l&rsquo;Emploi et de la S\u00e9curit\u00e9 sociale, Tidjani Hassan Haddam, a pr\u00e9cis\u00e9 que l&rsquo;Alg\u00e9rie \u00abr\u00e9affirme\u00a0 son engagement et sa disponibilit\u00e9 totale \u00e0 poursuivre l&rsquo;action au niveau r\u00e9gional\u00a0 afin de renforcer le [&hellip;]<\/p>\n","protected":false},"author":1744,"featured_media":0,"comment_status":"closed","ping_status":"closed","sticky":false,"template":"","format":"standard","meta":{"fifu_image_url":"","fifu_image_alt":"","footnotes":""},"categories":[73,53],"tags":[],"class_list":["post-69322","post","type-post","status-publish","format-standard","hentry","category-actualite","category-algerie"],"_links":{"self":[{"href":"https:\/\/linitiative.ca\/International\/wp-json\/wp\/v2\/posts\/69322","targetHints":{"allow":["GET"]}}],"collection":[{"href":"https:\/\/linitiative.ca\/International\/wp-json\/wp\/v2\/posts"}],"about":[{"href":"https:\/\/linitiative.ca\/International\/wp-json\/wp\/v2\/types\/post"}],"author":[{"embeddable":true,"href":"https:\/\/linitiative.ca\/International\/wp-json\/wp\/v2\/users\/1744"}],"replies":[{"embeddable":true,"href":"https:\/\/linitiative.ca\/International\/wp-json\/wp\/v2\/comments?post=69322"}],"version-history":[{"count":0,"href":"https:\/\/linitiative.ca\/International\/wp-json\/wp\/v2\/posts\/69322\/revisions"}],"wp:attachment":[{"href":"https:\/\/linitiative.ca\/International\/wp-json\/wp\/v2\/media?parent=69322"}],"wp:term":[{"taxonomy":"category","embeddable":true,"href":"https:\/\/linitiative.ca\/International\/wp-json\/wp\/v2\/categories?post=69322"},{"taxonomy":"post_tag","embeddable":true,"href":"https:\/\/linitiative.ca\/International\/wp-json\/wp\/v2\/tags?post=69322"}],"curies":[{"name":"wp","href":"https:\/\/api.w.org\/{rel}","templated":true}]}}