{"id":69323,"date":"2019-12-04T15:19:11","date_gmt":"2019-12-04T20:19:11","guid":{"rendered":"https:\/\/linitiative.ca\/International\/algerie-ukraine-cooperation-dans-le-domaine-de-la-protection-civile\/"},"modified":"2019-12-04T15:19:11","modified_gmt":"2019-12-04T20:19:11","slug":"algerie-ukraine-cooperation-dans-le-domaine-de-la-protection-civile","status":"publish","type":"post","link":"https:\/\/linitiative.ca\/International\/algerie-ukraine-cooperation-dans-le-domaine-de-la-protection-civile\/","title":{"rendered":"Alg\u00e9rie &#8211; Ukraine :  Coop\u00e9ration dans le domaine de la Protection civile"},"content":{"rendered":"<p>Le d\u00e9veloppement de la coop\u00e9ration alg\u00e9ro-ukrainienne a \u00e9t\u00e9 \u00e9voqu\u00e9e, hier \u00e0 Alger, lors d&rsquo;une rencontre du directeur g\u00e9n\u00e9ral de la Protection civile, Bourrelaf Boualem, avec l&rsquo;ambassadeur d&rsquo;Ukraine, Maksym Subkh.<br \/>Cette rencontre, qui entre dans le cadre de la perspective de coop\u00e9ration des relations alg\u00e9ro-ukrainiennes dans le domaine de la Protection civile, a permis d&rsquo;aborder \u00abtous les aspects li\u00e9s au d\u00e9veloppement de la coop\u00e9ration dans le domaine de la s\u00e9curit\u00e9 des personnes et des biens, la gestion des risques courants et majeurs, en particulier dans le domaine de la formation et l&rsquo;\u00e9change d&rsquo;expertise, pr\u00e9cise la m\u00eame source. Par ailleurs, l&rsquo;ambassadeur ukrainien \u00aba salu\u00e9 l&rsquo;excellence des relations entre l&rsquo;Alg\u00e9rie et l&rsquo;Ukraine dans le domaine de la Protection civile et l&rsquo;\u00e9volution spectaculaire de la Protection civile alg\u00e9rienne ces derni\u00e8res ann\u00e9es\u00bb.<\/p>\n<p>Auteur: elmoudjahid<br \/>\n<a href=\"http:\/\/www.elmoudjahid.com\/fr\/actualites\/145374\">Cliquez ici pour lire l&rsquo;article depuis sa source.<\/a><\/p>\n","protected":false},"excerpt":{"rendered":"<p>Le d\u00e9veloppement de la coop\u00e9ration alg\u00e9ro-ukrainienne a \u00e9t\u00e9 \u00e9voqu\u00e9e, hier \u00e0 Alger, lors d&rsquo;une rencontre du directeur g\u00e9n\u00e9ral de la Protection civile, Bourrelaf Boualem, avec l&rsquo;ambassadeur d&rsquo;Ukraine, Maksym Subkh.Cette rencontre, qui entre dans le cadre de la perspective de coop\u00e9ration des relations alg\u00e9ro-ukrainiennes dans le domaine de la Protection civile, a permis d&rsquo;aborder \u00abtous les [&hellip;]<\/p>\n","protected":false},"author":1744,"featured_media":0,"comment_status":"closed","ping_status":"closed","sticky":false,"template":"","format":"standard","meta":{"fifu_image_url":"","fifu_image_alt":"","footnotes":""},"categories":[73,53],"tags":[],"class_list":["post-69323","post","type-post","status-publish","format-standard","hentry","category-actualite","category-algerie"],"_links":{"self":[{"href":"https:\/\/linitiative.ca\/International\/wp-json\/wp\/v2\/posts\/69323","targetHints":{"allow":["GET"]}}],"collection":[{"href":"https:\/\/linitiative.ca\/International\/wp-json\/wp\/v2\/posts"}],"about":[{"href":"https:\/\/linitiative.ca\/International\/wp-json\/wp\/v2\/types\/post"}],"author":[{"embeddable":true,"href":"https:\/\/linitiative.ca\/International\/wp-json\/wp\/v2\/users\/1744"}],"replies":[{"embeddable":true,"href":"https:\/\/linitiative.ca\/International\/wp-json\/wp\/v2\/comments?post=69323"}],"version-history":[{"count":0,"href":"https:\/\/linitiative.ca\/International\/wp-json\/wp\/v2\/posts\/69323\/revisions"}],"wp:attachment":[{"href":"https:\/\/linitiative.ca\/International\/wp-json\/wp\/v2\/media?parent=69323"}],"wp:term":[{"taxonomy":"category","embeddable":true,"href":"https:\/\/linitiative.ca\/International\/wp-json\/wp\/v2\/categories?post=69323"},{"taxonomy":"post_tag","embeddable":true,"href":"https:\/\/linitiative.ca\/International\/wp-json\/wp\/v2\/tags?post=69323"}],"curies":[{"name":"wp","href":"https:\/\/api.w.org\/{rel}","templated":true}]}}