{"id":69324,"date":"2019-12-04T15:19:13","date_gmt":"2019-12-04T20:19:13","guid":{"rendered":"https:\/\/linitiative.ca\/International\/air-algerie-perturbations-sur-les-vols-suite-a-un-mouvement-social-en-france\/"},"modified":"2019-12-04T15:19:13","modified_gmt":"2019-12-04T20:19:13","slug":"air-algerie-perturbations-sur-les-vols-suite-a-un-mouvement-social-en-france","status":"publish","type":"post","link":"https:\/\/linitiative.ca\/International\/air-algerie-perturbations-sur-les-vols-suite-a-un-mouvement-social-en-france\/","title":{"rendered":"Air Alg\u00e9rie : perturbations sur les vols suite \u00e0 un mouvement social en France"},"content":{"rendered":"<p>Le trafic a\u00e9rien en provenance et \u00e0 destination de la France sera perturb\u00e9 aujourd\u2019hui suite \u00e0 un mouvement social des contr\u00f4leurs a\u00e9riens en France.<br \/>A cet effet, la Direction g\u00e9n\u00e9rale de l&rsquo;aviation civile fran\u00e7aise a demand\u00e9 aux compagnies a\u00e9riennes d&rsquo;annuler 20% des vols au niveau des principaux a\u00e9roports de France. \u00abEn raison de cette gr\u00e8ve, Air Alg\u00e9rie informe ses passagers que le trafic a\u00e9rien en provenance et \u00e0 destination de la France sera touch\u00e9. Par cons\u00e9quent, des perturbations affecteront les vols survolant le territoire fran\u00e7ais\u00bb. De plus, les vols sur la liaison Alger-Charles de Gaulle ( Alger : AH 1002\/AH 1003,\/AH 1012\/AH1013), Alger-Paris Orly-Alger (AH 1006\/AH 1007\/AH1010\/AH 1011), Alger-Marseille-Alger (AH 1022\/AH 1023) et Annaba-Marseille-Annaba (AH 1150\/AH 1151) seront annul\u00e9s. Une perturbation du trafic a\u00e9rien, des retards et des annulations de certains vols sont \u00e9galement \u00e0 pr\u00e9voir du 5 au 7 d\u00e9cembre.<\/p>\n<p>Auteur: elmoudjahid<br \/>\n<a href=\"http:\/\/www.elmoudjahid.com\/fr\/actualites\/145375\">Cliquez ici pour lire l&rsquo;article depuis sa source.<\/a><\/p>\n","protected":false},"excerpt":{"rendered":"<p>Le trafic a\u00e9rien en provenance et \u00e0 destination de la France sera perturb\u00e9 aujourd\u2019hui suite \u00e0 un mouvement social des contr\u00f4leurs a\u00e9riens en France.A cet effet, la Direction g\u00e9n\u00e9rale de l&rsquo;aviation civile fran\u00e7aise a demand\u00e9 aux compagnies a\u00e9riennes d&rsquo;annuler 20% des vols au niveau des principaux a\u00e9roports de France. \u00abEn raison de cette gr\u00e8ve, Air [&hellip;]<\/p>\n","protected":false},"author":1744,"featured_media":0,"comment_status":"closed","ping_status":"closed","sticky":false,"template":"","format":"standard","meta":{"fifu_image_url":"","fifu_image_alt":"","footnotes":""},"categories":[73,53],"tags":[],"class_list":["post-69324","post","type-post","status-publish","format-standard","hentry","category-actualite","category-algerie"],"_links":{"self":[{"href":"https:\/\/linitiative.ca\/International\/wp-json\/wp\/v2\/posts\/69324","targetHints":{"allow":["GET"]}}],"collection":[{"href":"https:\/\/linitiative.ca\/International\/wp-json\/wp\/v2\/posts"}],"about":[{"href":"https:\/\/linitiative.ca\/International\/wp-json\/wp\/v2\/types\/post"}],"author":[{"embeddable":true,"href":"https:\/\/linitiative.ca\/International\/wp-json\/wp\/v2\/users\/1744"}],"replies":[{"embeddable":true,"href":"https:\/\/linitiative.ca\/International\/wp-json\/wp\/v2\/comments?post=69324"}],"version-history":[{"count":0,"href":"https:\/\/linitiative.ca\/International\/wp-json\/wp\/v2\/posts\/69324\/revisions"}],"wp:attachment":[{"href":"https:\/\/linitiative.ca\/International\/wp-json\/wp\/v2\/media?parent=69324"}],"wp:term":[{"taxonomy":"category","embeddable":true,"href":"https:\/\/linitiative.ca\/International\/wp-json\/wp\/v2\/categories?post=69324"},{"taxonomy":"post_tag","embeddable":true,"href":"https:\/\/linitiative.ca\/International\/wp-json\/wp\/v2\/tags?post=69324"}],"curies":[{"name":"wp","href":"https:\/\/api.w.org\/{rel}","templated":true}]}}