{"id":69325,"date":"2019-12-04T15:19:15","date_gmt":"2019-12-04T20:19:15","guid":{"rendered":"https:\/\/linitiative.ca\/International\/intervention-dans-les-affaires-internes-de-lalgerie-dahmoune-condamne-lalteration-de-ses-propos-par-certaines-parties\/"},"modified":"2019-12-04T15:19:15","modified_gmt":"2019-12-04T20:19:15","slug":"intervention-dans-les-affaires-internes-de-lalgerie-dahmoune-condamne-lalteration-de-ses-propos-par-certaines-parties","status":"publish","type":"post","link":"https:\/\/linitiative.ca\/International\/intervention-dans-les-affaires-internes-de-lalgerie-dahmoune-condamne-lalteration-de-ses-propos-par-certaines-parties\/","title":{"rendered":"Intervention dans les affaires internes de l\u2019Alg\u00e9rie : Dahmoune condamne l\u2019alt\u00e9ration de ses propos par certaines parties"},"content":{"rendered":"<p>Salah Eddine Dahmoune a apport\u00e9 des explications concernant ses d\u00e9clarations faites au Conseil de la nation sur l&rsquo;ing\u00e9rence du Parlement europ\u00e9en (PE) dans les affaires internes de l&rsquo;Alg\u00e9rie, condamnant l&rsquo;alt\u00e9ration de ses propos par certaines parties. \u00abSuite aux informations mensong\u00e8res relay\u00e9es concernant mes d\u00e9clarations devant le Conseil de la nation, je condamne vigoureusement l&rsquo;alt\u00e9ration de mes propos par certaines parties qui ne veulent du bien, ni pour le pays encore moins pour les citoyens\u00bb, a expliqu\u00e9 le ministre. \u00abChers compatriotes, je r\u00e9affirme, encore une fois, \u00e0 l&rsquo;instar du peuple alg\u00e9rien et de la d\u00e9claration faite par le ministre des Affaires \u00e9trang\u00e8res, le refus cat\u00e9gorique de toute ing\u00e9rence \u00e9trang\u00e8re dans les affaires de notre pays par une quelconque partie, de m\u00eame que je condamne avec force l&rsquo;immixtion flagrante du Parlement europ\u00e9en dans les affaires de l&rsquo;Alg\u00e9rie souveraine, libre et ind\u00e9pendante\u00bb, a-t-il dit \u00e0 l&rsquo;adresse des Alg\u00e9riens. \u00abJe n&rsquo;ai jamais \u00e9voqu\u00e9 les marches, ni le hirak, ni qualifi\u00e9 quiconque de quoi que ce soit. Je m&rsquo;adressais intentionnellement aux relais de la France coloniale qui veulent faire appel au Parlement europ\u00e9en pour internationaliser la question\u00bb, a-t-il ajout\u00e9. Il s&rsquo;agit \u00abd&rsquo;une minorit\u00e9 de pseudos Alg\u00e9riens, de tra\u00eetres, de mercenaires et d&rsquo;infiltr\u00e9s que nous connaissons un par un et d&rsquo;agents de ceux qui guettent l&rsquo;Alg\u00e9rie et son peuple et veulent intervenir dans ses affaires internes pour semer la fitna entre les enfants d&rsquo;une m\u00eame patrie et emp\u00eacher le pays de parachever la r\u00e9alisation des acquis, d&rsquo;arriver \u00e0 bon port et de finaliser la mise en \u0153uvre des principes de la R\u00e9volution contre le colonialisme, \u00e0 la faveur du prochain rendez-vous \u00e9lectoral du 12 d\u00e9cembre courant, soutenu par le peuple alg\u00e9rien \u00e0 travers ses marches quotidiennes et dispos\u00e9 \u00e0 le tenir dans les d\u00e9lais fix\u00e9s\u00bb, a-t-il conclu.<br \/>\u00a0<\/p>\n<p>Auteur: elmoudjahid<br \/>\n<a href=\"http:\/\/www.elmoudjahid.com\/fr\/actualites\/145376\">Cliquez ici pour lire l&rsquo;article depuis sa source.<\/a><\/p>\n","protected":false},"excerpt":{"rendered":"<p>Salah Eddine Dahmoune a apport\u00e9 des explications concernant ses d\u00e9clarations faites au Conseil de la nation sur l&rsquo;ing\u00e9rence du Parlement europ\u00e9en (PE) dans les affaires internes de l&rsquo;Alg\u00e9rie, condamnant l&rsquo;alt\u00e9ration de ses propos par certaines parties. \u00abSuite aux informations mensong\u00e8res relay\u00e9es concernant mes d\u00e9clarations devant le Conseil de la nation, je condamne vigoureusement l&rsquo;alt\u00e9ration de [&hellip;]<\/p>\n","protected":false},"author":1744,"featured_media":0,"comment_status":"closed","ping_status":"closed","sticky":false,"template":"","format":"standard","meta":{"fifu_image_url":"","fifu_image_alt":"","footnotes":""},"categories":[73,53],"tags":[],"class_list":["post-69325","post","type-post","status-publish","format-standard","hentry","category-actualite","category-algerie"],"_links":{"self":[{"href":"https:\/\/linitiative.ca\/International\/wp-json\/wp\/v2\/posts\/69325","targetHints":{"allow":["GET"]}}],"collection":[{"href":"https:\/\/linitiative.ca\/International\/wp-json\/wp\/v2\/posts"}],"about":[{"href":"https:\/\/linitiative.ca\/International\/wp-json\/wp\/v2\/types\/post"}],"author":[{"embeddable":true,"href":"https:\/\/linitiative.ca\/International\/wp-json\/wp\/v2\/users\/1744"}],"replies":[{"embeddable":true,"href":"https:\/\/linitiative.ca\/International\/wp-json\/wp\/v2\/comments?post=69325"}],"version-history":[{"count":0,"href":"https:\/\/linitiative.ca\/International\/wp-json\/wp\/v2\/posts\/69325\/revisions"}],"wp:attachment":[{"href":"https:\/\/linitiative.ca\/International\/wp-json\/wp\/v2\/media?parent=69325"}],"wp:term":[{"taxonomy":"category","embeddable":true,"href":"https:\/\/linitiative.ca\/International\/wp-json\/wp\/v2\/categories?post=69325"},{"taxonomy":"post_tag","embeddable":true,"href":"https:\/\/linitiative.ca\/International\/wp-json\/wp\/v2\/tags?post=69325"}],"curies":[{"name":"wp","href":"https:\/\/api.w.org\/{rel}","templated":true}]}}