{"id":69326,"date":"2019-12-04T15:19:17","date_gmt":"2019-12-04T20:19:17","guid":{"rendered":"https:\/\/linitiative.ca\/International\/apn-m-chenine-recoit-la-representante-residente-du-pnud\/"},"modified":"2019-12-04T15:19:17","modified_gmt":"2019-12-04T20:19:17","slug":"apn-m-chenine-recoit-la-representante-residente-du-pnud","status":"publish","type":"post","link":"https:\/\/linitiative.ca\/International\/apn-m-chenine-recoit-la-representante-residente-du-pnud\/","title":{"rendered":"APN : M. Chenine re\u00e7oit la repr\u00e9sentante r\u00e9sidente du PNUD"},"content":{"rendered":"<p>Le pr\u00e9sident de l&rsquo;Assembl\u00e9e populaire nationale (APN), Slimane Chenine, a re\u00e7u mardi, la repr\u00e9sentante r\u00e9sidente du programme des Nations Unies pour le d\u00e9veloppement (PNUD) en Alg\u00e9rie, Blerta Aliko. L&rsquo;entretien a port\u00e9 sur les domaines de l&rsquo;action commune, notamment le Programme qui a r\u00e9alis\u00e9 d&rsquo;importants acquis dans divers plans et niveaux.<\/p>\n<p>Auteur: elmoudjahid<br \/>\n<a href=\"http:\/\/www.elmoudjahid.com\/fr\/actualites\/145377\">Cliquez ici pour lire l&rsquo;article depuis sa source.<\/a><\/p>\n","protected":false},"excerpt":{"rendered":"<p>Le pr\u00e9sident de l&rsquo;Assembl\u00e9e populaire nationale (APN), Slimane Chenine, a re\u00e7u mardi, la repr\u00e9sentante r\u00e9sidente du programme des Nations Unies pour le d\u00e9veloppement (PNUD) en Alg\u00e9rie, Blerta Aliko. L&rsquo;entretien a port\u00e9 sur les domaines de l&rsquo;action commune, notamment le Programme qui a r\u00e9alis\u00e9 d&rsquo;importants acquis dans divers plans et niveaux. Auteur: elmoudjahid Cliquez ici pour [&hellip;]<\/p>\n","protected":false},"author":1744,"featured_media":0,"comment_status":"closed","ping_status":"closed","sticky":false,"template":"","format":"standard","meta":{"fifu_image_url":"","fifu_image_alt":"","footnotes":""},"categories":[73,53],"tags":[],"class_list":["post-69326","post","type-post","status-publish","format-standard","hentry","category-actualite","category-algerie"],"_links":{"self":[{"href":"https:\/\/linitiative.ca\/International\/wp-json\/wp\/v2\/posts\/69326","targetHints":{"allow":["GET"]}}],"collection":[{"href":"https:\/\/linitiative.ca\/International\/wp-json\/wp\/v2\/posts"}],"about":[{"href":"https:\/\/linitiative.ca\/International\/wp-json\/wp\/v2\/types\/post"}],"author":[{"embeddable":true,"href":"https:\/\/linitiative.ca\/International\/wp-json\/wp\/v2\/users\/1744"}],"replies":[{"embeddable":true,"href":"https:\/\/linitiative.ca\/International\/wp-json\/wp\/v2\/comments?post=69326"}],"version-history":[{"count":0,"href":"https:\/\/linitiative.ca\/International\/wp-json\/wp\/v2\/posts\/69326\/revisions"}],"wp:attachment":[{"href":"https:\/\/linitiative.ca\/International\/wp-json\/wp\/v2\/media?parent=69326"}],"wp:term":[{"taxonomy":"category","embeddable":true,"href":"https:\/\/linitiative.ca\/International\/wp-json\/wp\/v2\/categories?post=69326"},{"taxonomy":"post_tag","embeddable":true,"href":"https:\/\/linitiative.ca\/International\/wp-json\/wp\/v2\/tags?post=69326"}],"curies":[{"name":"wp","href":"https:\/\/api.w.org\/{rel}","templated":true}]}}