{"id":69328,"date":"2019-12-04T06:02:47","date_gmt":"2019-12-04T11:02:47","guid":{"rendered":"https:\/\/linitiative.ca\/International\/98441-ligue-des-champions-2e-j-la-jsk-pour-confirmer-a-tunis-l-usma-en-quete-de-rachat\/"},"modified":"2019-12-04T06:02:47","modified_gmt":"2019-12-04T11:02:47","slug":"98441-ligue-des-champions-2e-j-la-jsk-pour-confirmer-a-tunis-l-usma-en-quete-de-rachat","status":"publish","type":"post","link":"https:\/\/linitiative.ca\/International\/98441-ligue-des-champions-2e-j-la-jsk-pour-confirmer-a-tunis-l-usma-en-quete-de-rachat\/","title":{"rendered":"Ligue des champions (2e j): la JSK pour confirmer \u00e0 Tunis, l&rsquo;USMA en qu\u00eate de rachat"},"content":{"rendered":"<div readability=\"42\">\n<p><strong>ALGER &#8211; Les deux repr\u00e9sentants alg\u00e9riens en phase de poules de la Ligue des champions d&rsquo;Afrique de football, la JS Kabylie et l&rsquo;USM Alger, seront mis \u00e0 rude \u00e9preuve en d\u00e9placement, face respectivement \u00e0 l&rsquo;ES Tunis, d\u00e9tenteur du troph\u00e9e, et au Petro Atl\u00e9tico (Angola), dans le cadre de la 2e journ\u00e9e, vendredi et samedi.<\/strong><\/p>\n<\/div>\n<div readability=\"133.535776614\">\n<p>Vers\u00e9e dans le groupe C, l&rsquo;USM Alger, qui a d\u00e9marr\u00e9 cette phase de poules du mauvais pied en conc\u00e9dant le nul \u00e0 domicile face aux Marocains du WA Casablanca (1-1), devra imp\u00e9rativement sortir le grand jeu \u00e0 Lunda face aux \u00ab\u00a0P\u00e9troliers\u00a0\u00bb, s\u00e8chement battus d&rsquo;entr\u00e9e en Afrique du Sud par Mamelodi Sundowns (3-0).<\/p>\n<blockquote readability=\"8\">\n<p><em><strong>En qu\u00eate de rachat, l&rsquo;USMA affrontera un adversaire somm\u00e9 de r\u00e9agir devant son public et qui va certainement chercher \u00e0 \u00e9viter une autre d\u00e9convenue qui mettrait en danger sa qualification pour les quarts de finale.<\/strong><\/em><\/p>\n<\/blockquote>\n<p>Sur le plan de l&rsquo;effectif, le milieu offensif Tahar Benkhelifa, touch\u00e9 au genou face au WAC, est incertain pour cette rencontre que manquera le Libyen Muaid Ellafi, suspendu.<\/p>\n<p>Les joueurs alg\u00e9rois devront bien r\u00e9cup\u00e9rer avant le jour J, puisqu&rsquo;ils s&rsquo;envolent ce mercredi pour Luanda, via Duba\u00ef, dans un long p\u00e9riple qui va durer plus de 20 heures.<\/p>\n<hr\/>\n<h3>Lire aussi:\u00a0<a href=\"http:\/\/www.aps.dz\/sport\/95485-ligue-des-champions-d-afrique-l-usma-et-la-jsk-dans-des-poules-difficiles\" target=\"_blank\" rel=\"noopener noreferrer\">Ligue des champions d`Afrique: l&rsquo;USMA et la JSK dans des poules difficiles<\/a><\/h3>\n<hr\/>\n<p>Dans l&rsquo;autre match de cette poule, Mamelodi Sundowns, d\u00e9tenteur du troph\u00e9e en 2017, aura \u00e0 coeur de confirmer sa bonne sant\u00e9 \u00e0 Casablanca face au WAC.<\/p>\n<p>Dans le groupe D, la <strong><a href=\"http:\/\/www.aps.dz\/sport\/98218-ligue-des-champions-1e-j-la-js-kabylie-domine-l-as-vita-club-1-0\" target=\"_blank\" rel=\"noopener noreferrer\">JS Kabylie, vainqueur dans son jardin du 1er-Novembre de Tizi-Ouzou face \u00e0 l&rsquo;AS Vita Club de RD Congo (1-0)<\/a><\/strong>, passera un v\u00e9ritable test r\u00e9v\u00e9lateur devant l&rsquo;ES Tunis, double d\u00e9tenteur du troph\u00e9e, au stade de Rad\u00e8s.<\/p>\n<blockquote readability=\"8\">\n<p><em><strong>A l&rsquo;instar de l&rsquo;USMA, les \u00ab\u00a0Canaris\u00a0\u00bb seront appel\u00e9s \u00e0 rester vigilants pour \u00e9viter une d\u00e9faite qui pourrait leur co\u00fbter leur premi\u00e8re place qu&rsquo;ils occupent actuellement conjointement avec l&rsquo;Esp\u00e9rance.<\/strong><\/em><\/p>\n<\/blockquote>\n<p>Le d\u00e9fenseur Walid Bencherifa, touch\u00e9 aux ischios-jambiers, est incertain pour ce d\u00e9placement, alors que l&rsquo;entra\u00eeneur fran\u00e7ais de la JSK, Hubert Velud, pourra compter sur les autres \u00e9l\u00e9ments pour tenter de pi\u00e9ger le club de Bab Souika.<\/p>\n<p>L&rsquo;EST, dont l&rsquo;effectif compte quatre joueurs alg\u00e9riens, esp\u00e8re rester dans sa bonne dynamique, moins d&rsquo;une semaine apr\u00e8s sa retentissante victoire \u00e0 Casablanca face au Raja (2-0), confirmant d&#8217;embl\u00e9e ses ambitions d&rsquo;aller chercher un troisi\u00e8me titre continental de suite.<\/p>\n<p>Les Marocains, dos au mur, seront eux oblig\u00e9s de r\u00e9agir \u00e0 Kinshasa face \u00e0 l&rsquo;AS Vita Club, dans l&rsquo;autre match du groupe D.<\/p>\n<p class=\"c30\"><strong>Le point du groupe D avant la 2e journ\u00e9e<\/strong><\/p>\n<p>Point du groupe D de la phase de poules de la Ligue des champions d&rsquo;Afrique de football, o\u00f9 figure l&rsquo;un des deux repr\u00e9sentants alg\u00e9riens, la JS Kabylie, avant la 2e journ\u00e9e pr\u00e9vue vendredi:<\/p>\n<p><strong>2e journ\u00e9e:<\/strong><\/p>\n<p><strong>Vendredi 6 d\u00e9cembre:<\/strong><\/p>\n<p>AS Vita Club (RD Congo) &#8211; Raja Casablanca (Maroc) (17h00)<\/p>\n<p>ES Tunis (Tunisie) &#8211; JS Kabylie (20h00)<\/p>\n<p><strong>Classement\u00a0 \u00a0 \u00a0 \u00a0 \u00a0 \u00a0 \u00a0Pts\u00a0\u00a0\u00a0\u00a0\u00a0\u00a0\u00a0\u00a0\u00a0\u00a0 J<\/strong><\/p>\n<p>1. ES Tunis\u00a0 \u00a0 \u00a0 \u00a0 \u00a0 \u00a0 \u00a0 \u00a0 \u00a03\u00a0 \u00a0 \u00a0 \u00a0 \u00a0 \u00a01<\/p>\n<p>&#8211;. JS Kabylie\u00a0 \u00a0 \u00a0 \u00a0 \u00a0 \u00a0 \u00a0 3\u00a0 \u00a0 \u00a0 \u00a0 \u00a0 \u00a0 1<\/p>\n<p>3. AS Vita Club\u00a0 \u00a0 \u00a0 \u00a0 \u00a0 \u00a0 0\u00a0 \u00a0 \u00a0 \u00a0 \u00a0 \u00a01<\/p>\n<p>&#8211;. WA Casablanca\u00a0 \u00a0 \u00a0 \u00a00\u00a0 \u00a0 \u00a0 \u00a0 \u00a0 \u00a01<\/p>\n<p><strong>D\u00e9j\u00e0 jou\u00e9s:<\/strong><\/p>\n<p>JS Kabylie &#8211; AS Vita Club\u00a0 \u00a0 \u00a0 1-0<\/p>\n<p>Raja Casablanca &#8211; ES Tunis\u00a0 0-2<\/p>\n<p><strong>Reste \u00e0 jouer:<\/strong><\/p>\n<p><strong>3e journ\u00e9e (27-28 d\u00e9cembre):<\/strong><\/p>\n<p>ES Tunis &#8211; AS Vita Club<\/p>\n<p>Raja Casablanca &#8211; JS Kabylie<\/p>\n<p><strong>4e journ\u00e9e (10-11 janvier 2020):<\/strong><\/p>\n<p>AS Vita Club &#8211; ES Tunis<\/p>\n<p>JS Kabylie &#8211; Raja Casablanca<\/p>\n<p><strong>5e journ\u00e9e (24-25 janvier 2020):<\/strong><\/p>\n<p>ES Tunis &#8211; Raja Casablanca<\/p>\n<p>AS Vita Club &#8211; JS Kabylie<\/p>\n<p><strong>6e journ\u00e9e (31 janvier-1er f\u00e9vrier 2020):<\/strong><\/p>\n<p>Raja Casablanca &#8211; AS Vita Club<\/p>\n<p>JS Kabylie &#8211; ES Tunis<\/p>\n<p><strong>NB:<\/strong> les deux premiers du groupe se qualifient pour les quarts de finale.<\/p>\n<\/div>\n<p>Auteur:<br \/>\n<a href=\"http:\/\/www.aps.dz\/sport\/98441-ligue-des-champions-2e-j-la-jsk-pour-confirmer-a-tunis-l-usma-en-quete-de-rachat?utm_source=feedburner&#038;utm_medium=feed&#038;utm_campaign=Feed%3A+aps-sport+%28APS+-+SPORT%29\">Cliquez ici pour lire l&rsquo;article depuis sa source.<\/a><\/p>\n","protected":false},"excerpt":{"rendered":"<p>ALGER &#8211; Les deux repr\u00e9sentants alg\u00e9riens en phase de poules de la Ligue des champions d&rsquo;Afrique de football, la JS Kabylie et l&rsquo;USM Alger, seront mis \u00e0 rude \u00e9preuve en d\u00e9placement, face respectivement \u00e0 l&rsquo;ES Tunis, d\u00e9tenteur du troph\u00e9e, et au Petro Atl\u00e9tico (Angola), dans le cadre de la 2e journ\u00e9e, vendredi et samedi. Vers\u00e9e [&hellip;]<\/p>\n","protected":false},"author":1790,"featured_media":0,"comment_status":"closed","ping_status":"closed","sticky":false,"template":"","format":"standard","meta":{"fifu_image_url":"","fifu_image_alt":"","footnotes":""},"categories":[53,75],"tags":[],"class_list":["post-69328","post","type-post","status-publish","format-standard","hentry","category-algerie","category-sport"],"_links":{"self":[{"href":"https:\/\/linitiative.ca\/International\/wp-json\/wp\/v2\/posts\/69328","targetHints":{"allow":["GET"]}}],"collection":[{"href":"https:\/\/linitiative.ca\/International\/wp-json\/wp\/v2\/posts"}],"about":[{"href":"https:\/\/linitiative.ca\/International\/wp-json\/wp\/v2\/types\/post"}],"author":[{"embeddable":true,"href":"https:\/\/linitiative.ca\/International\/wp-json\/wp\/v2\/users\/1790"}],"replies":[{"embeddable":true,"href":"https:\/\/linitiative.ca\/International\/wp-json\/wp\/v2\/comments?post=69328"}],"version-history":[{"count":0,"href":"https:\/\/linitiative.ca\/International\/wp-json\/wp\/v2\/posts\/69328\/revisions"}],"wp:attachment":[{"href":"https:\/\/linitiative.ca\/International\/wp-json\/wp\/v2\/media?parent=69328"}],"wp:term":[{"taxonomy":"category","embeddable":true,"href":"https:\/\/linitiative.ca\/International\/wp-json\/wp\/v2\/categories?post=69328"},{"taxonomy":"post_tag","embeddable":true,"href":"https:\/\/linitiative.ca\/International\/wp-json\/wp\/v2\/tags?post=69328"}],"curies":[{"name":"wp","href":"https:\/\/api.w.org\/{rel}","templated":true}]}}