{"id":69332,"date":"2019-12-04T11:15:00","date_gmt":"2019-12-04T16:15:00","guid":{"rendered":"https:\/\/linitiative.ca\/International\/tribunal-de-sidi-mhamed-reprise-du-proces-dahmed-ouyahia-et-abdelmalek-sellal\/"},"modified":"2019-12-04T11:15:00","modified_gmt":"2019-12-04T16:15:00","slug":"tribunal-de-sidi-mhamed-reprise-du-proces-dahmed-ouyahia-et-abdelmalek-sellal","status":"publish","type":"post","link":"https:\/\/linitiative.ca\/International\/tribunal-de-sidi-mhamed-reprise-du-proces-dahmed-ouyahia-et-abdelmalek-sellal\/","title":{"rendered":"TRIBUNAL DE SIDI M\u2019HAMED : Reprise du proc\u00e8s d\u2019Ahmed Ouyahia et Abdelmalek Sellal"},"content":{"rendered":"<p><br id=\"sep_para_1\" class=\"sep_para access\"\/><\/p>\n<div id=\"para_1\" class=\"para_34349987 resize\">\n<div class=\"photo shadow left\"><a href=\"javascript:void(0)\" rel=\"https:\/\/www.reflexiondz.net\/photo\/art\/grande\/40416420-34349987.jpg?v=1575490045&#038;ibox\" title=\"TRIBUNAL DE SIDI M\u2019HAMED : Reprise du proc\u00e8s d\u2019Ahmed Ouyahia et Abdelmalek Sellal\"><img decoding=\"async\" class=\"responsive c9\" src=\"https:\/\/www.reflexiondz.net\/photo\/art\/grande\/40416420-34349987.jpg?v=1575490045\" alt=\"TRIBUNAL DE SIDI M\u2019HAMED : Reprise du proc\u00e8s d\u2019Ahmed Ouyahia et Abdelmalek Sellal\" title=\"TRIBUNAL DE SIDI M\u2019HAMED : Reprise du proc\u00e8s d\u2019Ahmed Ouyahia et Abdelmalek Sellal\"\/><img decoding=\"async\" class=\"not-responsive\" src=\"https:\/\/www.reflexiondz.net\/photo\/art\/default\/40416420-34349987.jpg?v=1575490047\" alt=\"TRIBUNAL DE SIDI M\u2019HAMED : Reprise du proc\u00e8s d\u2019Ahmed Ouyahia et Abdelmalek Sellal\" title=\"TRIBUNAL DE SIDI M\u2019HAMED : Reprise du proc\u00e8s d\u2019Ahmed Ouyahia et Abdelmalek Sellal\"\/><\/a><\/div>\n<div class=\"texte access firstletter\">Ces responsables dont les deux anciens premiers ministres, Ahmed Ouyahia et Abdelmalek Sellal, ainsi que d&rsquo;anciens ministres et hommes d&rsquo;affaires, sont poursuivis pour \u00ab\u00a0dilapidation de deniers publics, abus de fonction et octroi d&rsquo;indus avantages \u00e0 autrui\u00a0\u00bb, notamment dans l&rsquo;affaire relative au montage de v\u00e9hicules. A l&rsquo;ouverture de cette audience publique, le juge a indiqu\u00e9 que \u00ab\u00a0trois dossiers ont \u00e9t\u00e9 fusionn\u00e9s en un\u00a0\u00bb, tandis que le collectif de d\u00e9fense a estim\u00e9 que \u00ab\u00a0l&rsquo;\u00e9l\u00e9ment mat\u00e9riel pour le d\u00e9roulement du proc\u00e8s n&rsquo;est pas \u00e9tabli\u00a0\u00bb. Ce proc\u00e8s pr\u00e9vu initialement, lundi, a \u00e9t\u00e9 report\u00e9, vu que \u00ab\u00a0les conditions n\u00e9cessaires au proc\u00e8s n&rsquo;\u00e9taient pas r\u00e9unies\u00a0\u00bb, selon le collectif de d\u00e9fense des pr\u00e9venus. Pour rappel, le juge enqu\u00eateur pr\u00e8s la Cour supr\u00eame avait ordonn\u00e9, en juillet dernier, le placement d\u2019Ahmed Ouyahia et Abdelmalek Sellal, \u00e0 la prison d&rsquo;El-Harrach, apr\u00e8s avoir \u00e9t\u00e9 auditionn\u00e9s. En application des dispositions de l&rsquo;article 573 du code de proc\u00e9dure p\u00e9nale, le parquet g\u00e9n\u00e9ral pr\u00e8s la Cour d&rsquo;Alger avait transmis, fin mai dernier, au procureur g\u00e9n\u00e9ral pr\u00e8s la Cour supr\u00eame, le dossier d&rsquo;enqu\u00eate pr\u00e9liminaire instruite par la Police judiciaire de la Gendarmerie nationale d&rsquo;Alger, pour des faits \u00e0 caract\u00e8re p\u00e9nal, \u00e0 l&rsquo;encontre de ces deux mis en cause.<\/div>\n<\/div>\n<p>Auteur: Nadine<br \/>\n<a href=\"https:\/\/www.reflexiondz.net\/TRIBUNAL-DE-SIDI-M-HAMED-Reprise-du-proces-d-Ahmed-Ouyahia-et-Abdelmalek-Sellal_a59209.html\">Cliquez ici pour lire l&rsquo;article depuis sa source.<\/a><\/p>\n","protected":false},"excerpt":{"rendered":"<p>Ces responsables dont les deux anciens premiers ministres, Ahmed Ouyahia et Abdelmalek Sellal, ainsi que d&rsquo;anciens ministres et hommes d&rsquo;affaires, sont poursuivis pour \u00ab\u00a0dilapidation de deniers publics, abus de fonction et octroi d&rsquo;indus avantages \u00e0 autrui\u00a0\u00bb, notamment dans l&rsquo;affaire relative au montage de v\u00e9hicules. A l&rsquo;ouverture de cette audience publique, le juge a indiqu\u00e9 que [&hellip;]<\/p>\n","protected":false},"author":1740,"featured_media":0,"comment_status":"closed","ping_status":"closed","sticky":false,"template":"","format":"standard","meta":{"fifu_image_url":"","fifu_image_alt":"","footnotes":""},"categories":[53,76],"tags":[],"class_list":["post-69332","post","type-post","status-publish","format-standard","hentry","category-algerie","category-regions"],"_links":{"self":[{"href":"https:\/\/linitiative.ca\/International\/wp-json\/wp\/v2\/posts\/69332","targetHints":{"allow":["GET"]}}],"collection":[{"href":"https:\/\/linitiative.ca\/International\/wp-json\/wp\/v2\/posts"}],"about":[{"href":"https:\/\/linitiative.ca\/International\/wp-json\/wp\/v2\/types\/post"}],"author":[{"embeddable":true,"href":"https:\/\/linitiative.ca\/International\/wp-json\/wp\/v2\/users\/1740"}],"replies":[{"embeddable":true,"href":"https:\/\/linitiative.ca\/International\/wp-json\/wp\/v2\/comments?post=69332"}],"version-history":[{"count":0,"href":"https:\/\/linitiative.ca\/International\/wp-json\/wp\/v2\/posts\/69332\/revisions"}],"wp:attachment":[{"href":"https:\/\/linitiative.ca\/International\/wp-json\/wp\/v2\/media?parent=69332"}],"wp:term":[{"taxonomy":"category","embeddable":true,"href":"https:\/\/linitiative.ca\/International\/wp-json\/wp\/v2\/categories?post=69332"},{"taxonomy":"post_tag","embeddable":true,"href":"https:\/\/linitiative.ca\/International\/wp-json\/wp\/v2\/tags?post=69332"}],"curies":[{"name":"wp","href":"https:\/\/api.w.org\/{rel}","templated":true}]}}