{"id":69333,"date":"2019-12-04T11:15:00","date_gmt":"2019-12-04T16:15:00","guid":{"rendered":"https:\/\/linitiative.ca\/International\/le-ministre-dahmoune-ne-regrette-rien\/"},"modified":"2019-12-04T11:15:00","modified_gmt":"2019-12-04T16:15:00","slug":"le-ministre-dahmoune-ne-regrette-rien","status":"publish","type":"post","link":"https:\/\/linitiative.ca\/International\/le-ministre-dahmoune-ne-regrette-rien\/","title":{"rendered":"Le ministre Dahmoune ne regrette rien"},"content":{"rendered":"<p><br id=\"sep_para_1\" class=\"sep_para access\"\/><\/p>\n<div id=\"para_1\" class=\"para_34350007 resize\">\n<div class=\"texte access firstletter\">Apr\u00e8s le toll\u00e9 suscit\u00e9 par ses d\u00e9clarations devant les membres du Conseil de la Nation, le ministre de l\u2019Int\u00e9rieur, des Collectivit\u00e9s Locales et de l\u2019Am\u00e9nagement du Territoire, Salah Eddine Dahmoune, a r\u00e9agi hier soir, en publiant une d\u00e9claration (en langue arabe) sur les r\u00e9seaux sociaux (sur sa page facebook et reprise \u00e9galement sur la page de son d\u00e9partement). Le membre du gouvernement Bedoui affirme que\u00a0 \u00ab certains m\u00e9dias et sites de m\u00e9dias sociaux ont modifi\u00e9 la d\u00e9claration que j\u2019ai faite aujourd\u2019hui devant le Conseil de la Nation et ont tent\u00e9 de la faire sortir de son sens \u00bb et pr\u00e9cise qu\u2019il n\u2019avait pas \u00e9voqu\u00e9 le \u00ab mouvement politique que vit notre pays depuis des mois \u00bb. \u00ab Je d\u00e9nonce le fait d\u2019avoir d\u00e9lib\u00e9r\u00e9ment fait sortir mes d\u00e9clarations de leur contexte et cette tentative de tromper l\u2019opinion publique par de fausses informations. Je r\u00e9it\u00e8re mon appel aux filles et aux fils de notre vaillant peuple de faire preuve de vigilance face \u00e0 la manipulation contre notre patrie par certains partis qui ne manquent pas une occasion de d\u00e9tourner l\u2019opinion nationale du rendez-vous \u00e9lectoral qui nous attend tous \u00bb, s\u2019est-il justifi\u00e9. Rappelons qu\u2019\u00e0 l\u2019occasion de la pr\u00e9sentation au S\u00e9nat du projet de cr\u00e9ation de 10 nouvelle wilayas, Salah Eddine Dahmoune a accus\u00e9 les opposants \u00e0 l\u2019\u00e9lection du 12 d\u00e9cembre 2019 d\u2019\u00eatre de \u00abpseudo-Alg\u00e9riens\u00bb, de \u00abtra\u00eetres\u00bb, de \u00abpervers\u00bb, d\u2019\u00abhomosexuels\u00bb et de \u00abmercenaires\u00bb \u00e0 la solde du colonialisme fran\u00e7ais\u2026\u00abNous ferons barrage, aux c\u00f4t\u00e9s de ce peuple glorieux, au colonialisme brutal, ou ce qu\u2019il en reste. Malheureusement, aujourd\u2019hui, ce colonialisme subsiste chez certains sous forme de pens\u00e9e colonialiste. Cette pens\u00e9e est utilis\u00e9e par des Alg\u00e9riens, ou des pseudo-Alg\u00e9riens, des tra\u00eetres, homosexuels et mercenaires. Ils sont rest\u00e9s aux c\u00f4t\u00e9s de ces gens. Ils ne font pas partie de nous ni nous d\u2019eux\u00bb, tranche le ministre, imperturbable. Citant Ben Badis et Bouamama, qui ont appel\u00e9 \u00e0 combattre le colonialisme, le ministre a estim\u00e9 que le scrutin du 12 d\u00e9cembre 2019 donnera \u00abune le\u00e7on de l\u2019unit\u00e9 du peuple alg\u00e9rien, de sa position seule et unique pour conserver l\u2019ind\u00e9pendance de l\u2019Alg\u00e9rie\u00bb. A noter que la page facebook au nom du ministre de l\u2019int\u00e9rieur a \u00e9t\u00e9 cr\u00e9\u00e9e le jour de sa d\u00e9signation (1 avril 2019) et celle du minist\u00e8re de l\u2019int\u00e9rieur, pr\u00e9sent\u00e9e en tant que \u00ab page officielle du Minist\u00e8re de l\u2019int\u00e9rieur, des collectivit\u00e9s locales et de l\u2019am\u00e9nagement du territoire \u00bb, et qui a repris la publication du ministre, date du 29 janvier 2017.<\/div>\n<\/div>\n<p>Auteur: R\u00e9flexion<br \/>\n<a href=\"https:\/\/www.reflexiondz.net\/Le-ministre-Dahmoune-ne-regrette-rien_a59212.html\">Cliquez ici pour lire l&rsquo;article depuis sa source.<\/a><\/p>\n","protected":false},"excerpt":{"rendered":"<p>Apr\u00e8s le toll\u00e9 suscit\u00e9 par ses d\u00e9clarations devant les membres du Conseil de la Nation, le ministre de l\u2019Int\u00e9rieur, des Collectivit\u00e9s Locales et de l\u2019Am\u00e9nagement du Territoire, Salah Eddine Dahmoune, a r\u00e9agi hier soir, en publiant une d\u00e9claration (en langue arabe) sur les r\u00e9seaux sociaux (sur sa page facebook et reprise \u00e9galement sur la page [&hellip;]<\/p>\n","protected":false},"author":1740,"featured_media":0,"comment_status":"closed","ping_status":"closed","sticky":false,"template":"","format":"standard","meta":{"fifu_image_url":"","fifu_image_alt":"","footnotes":""},"categories":[53,76],"tags":[],"class_list":["post-69333","post","type-post","status-publish","format-standard","hentry","category-algerie","category-regions"],"_links":{"self":[{"href":"https:\/\/linitiative.ca\/International\/wp-json\/wp\/v2\/posts\/69333","targetHints":{"allow":["GET"]}}],"collection":[{"href":"https:\/\/linitiative.ca\/International\/wp-json\/wp\/v2\/posts"}],"about":[{"href":"https:\/\/linitiative.ca\/International\/wp-json\/wp\/v2\/types\/post"}],"author":[{"embeddable":true,"href":"https:\/\/linitiative.ca\/International\/wp-json\/wp\/v2\/users\/1740"}],"replies":[{"embeddable":true,"href":"https:\/\/linitiative.ca\/International\/wp-json\/wp\/v2\/comments?post=69333"}],"version-history":[{"count":0,"href":"https:\/\/linitiative.ca\/International\/wp-json\/wp\/v2\/posts\/69333\/revisions"}],"wp:attachment":[{"href":"https:\/\/linitiative.ca\/International\/wp-json\/wp\/v2\/media?parent=69333"}],"wp:term":[{"taxonomy":"category","embeddable":true,"href":"https:\/\/linitiative.ca\/International\/wp-json\/wp\/v2\/categories?post=69333"},{"taxonomy":"post_tag","embeddable":true,"href":"https:\/\/linitiative.ca\/International\/wp-json\/wp\/v2\/tags?post=69333"}],"curies":[{"name":"wp","href":"https:\/\/api.w.org\/{rel}","templated":true}]}}