{"id":69335,"date":"2019-12-04T13:33:00","date_gmt":"2019-12-04T18:33:00","guid":{"rendered":"https:\/\/linitiative.ca\/International\/pour-incitation-a-attroupement-arme-rachid-nekkaz-en-prison\/"},"modified":"2019-12-04T13:33:00","modified_gmt":"2019-12-04T18:33:00","slug":"pour-incitation-a-attroupement-arme-rachid-nekkaz-en-prison","status":"publish","type":"post","link":"https:\/\/linitiative.ca\/International\/pour-incitation-a-attroupement-arme-rachid-nekkaz-en-prison\/","title":{"rendered":"POUR INCITATION A ATTROUPEMENT ARME  : Rachid Nekkaz en Prison"},"content":{"rendered":"<p><br id=\"sep_para_1\" class=\"sep_para access\"\/><\/p>\n<div id=\"para_1\" class=\"para_34352127 resize\">\n<div class=\"photo shadow left\"><a href=\"javascript:void(0)\" rel=\"https:\/\/www.reflexiondz.net\/photo\/art\/grande\/40422155-34352127.jpg?v=1575490055&#038;ibox\" title=\"POUR INCITATION A ATTROUPEMENT ARME : Rachid Nekkaz en Prison\"><img decoding=\"async\" class=\"responsive c9\" src=\"https:\/\/www.reflexiondz.net\/photo\/art\/grande\/40422155-34352127.jpg?v=1575490055\" alt=\"POUR INCITATION A ATTROUPEMENT ARME : Rachid Nekkaz en Prison\" title=\"POUR INCITATION A ATTROUPEMENT ARME : Rachid Nekkaz en Prison\"\/><img decoding=\"async\" class=\"not-responsive\" src=\"https:\/\/www.reflexiondz.net\/photo\/art\/default\/40422155-34352127.jpg?v=1575490057\" alt=\"POUR INCITATION A ATTROUPEMENT ARME : Rachid Nekkaz en Prison\" title=\"POUR INCITATION A ATTROUPEMENT ARME : Rachid Nekkaz en Prison\"\/><\/a><\/div>\n<div class=\"texte access firstletter\">Le controvers\u00e9, Rachid Nekkaz, Pr\u00e9sident du parti MJC (non agr\u00e9e) a \u00e9t\u00e9 plac\u00e9, hier, mercredi 4 d\u00e9cembre 2019, en d\u00e9tention provisoire par le Juge d\u2019instruction pr\u00e8s le Tribunal de Dar El-Beida. Rachid Nekkaz avait dangereusement d\u00e9rap\u00e9 dans une vid\u00e9o post\u00e9e en direct sur sa page Facebook. Il avait appel\u00e9 \u00e0 \u00e9liminer \u00e0 la Kalachnikov les d\u00e9put\u00e9s qui voteraient pour la loi sur les Hydrocarbures. Nekkaz est accus\u00e9 pour atteinte \u00e0 l\u2019unit\u00e9 nationale et incitation \u00e0 attroupement arm\u00e9. Pr\u00e9sent\u00e9, ce mercredi, devant le Procureur de la R\u00e9publique pr\u00e8s le tribunal de Dar El-Beida, Rachid Nekkaz a \u00e9t\u00e9 d\u00e9f\u00e9r\u00e9 devant le juge d\u2019instruction qui a d\u00e9cid\u00e9 de son placement sous mandat de d\u00e9p\u00f4t.<\/div>\n<\/div>\n<p>Auteur: Nadine<br \/>\n<a href=\"https:\/\/www.reflexiondz.net\/POUR-INCITATION-A-ATTROUPEMENT-ARME-Rachid-Nekkaz-en-Prison_a59215.html\">Cliquez ici pour lire l&rsquo;article depuis sa source.<\/a><\/p>\n","protected":false},"excerpt":{"rendered":"<p>Le controvers\u00e9, Rachid Nekkaz, Pr\u00e9sident du parti MJC (non agr\u00e9e) a \u00e9t\u00e9 plac\u00e9, hier, mercredi 4 d\u00e9cembre 2019, en d\u00e9tention provisoire par le Juge d\u2019instruction pr\u00e8s le Tribunal de Dar El-Beida. Rachid Nekkaz avait dangereusement d\u00e9rap\u00e9 dans une vid\u00e9o post\u00e9e en direct sur sa page Facebook. Il avait appel\u00e9 \u00e0 \u00e9liminer \u00e0 la Kalachnikov les [&hellip;]<\/p>\n","protected":false},"author":1740,"featured_media":0,"comment_status":"closed","ping_status":"closed","sticky":false,"template":"","format":"standard","meta":{"fifu_image_url":"","fifu_image_alt":"","footnotes":""},"categories":[53,76],"tags":[],"class_list":["post-69335","post","type-post","status-publish","format-standard","hentry","category-algerie","category-regions"],"_links":{"self":[{"href":"https:\/\/linitiative.ca\/International\/wp-json\/wp\/v2\/posts\/69335","targetHints":{"allow":["GET"]}}],"collection":[{"href":"https:\/\/linitiative.ca\/International\/wp-json\/wp\/v2\/posts"}],"about":[{"href":"https:\/\/linitiative.ca\/International\/wp-json\/wp\/v2\/types\/post"}],"author":[{"embeddable":true,"href":"https:\/\/linitiative.ca\/International\/wp-json\/wp\/v2\/users\/1740"}],"replies":[{"embeddable":true,"href":"https:\/\/linitiative.ca\/International\/wp-json\/wp\/v2\/comments?post=69335"}],"version-history":[{"count":0,"href":"https:\/\/linitiative.ca\/International\/wp-json\/wp\/v2\/posts\/69335\/revisions"}],"wp:attachment":[{"href":"https:\/\/linitiative.ca\/International\/wp-json\/wp\/v2\/media?parent=69335"}],"wp:term":[{"taxonomy":"category","embeddable":true,"href":"https:\/\/linitiative.ca\/International\/wp-json\/wp\/v2\/categories?post=69335"},{"taxonomy":"post_tag","embeddable":true,"href":"https:\/\/linitiative.ca\/International\/wp-json\/wp\/v2\/tags?post=69335"}],"curies":[{"name":"wp","href":"https:\/\/api.w.org\/{rel}","templated":true}]}}