{"id":69342,"date":"2019-12-04T06:11:00","date_gmt":"2019-12-04T11:11:00","guid":{"rendered":"https:\/\/linitiative.ca\/International\/il-y-a-67-ans-lassassinat-de-ferhat-hached-son-fils-nous-fait-le-point-des-ses-recherches-sur-les-auteurs-de-lattentat-video\/"},"modified":"2019-12-04T06:11:00","modified_gmt":"2019-12-04T11:11:00","slug":"il-y-a-67-ans-lassassinat-de-ferhat-hached-son-fils-nous-fait-le-point-des-ses-recherches-sur-les-auteurs-de-lattentat-video","status":"publish","type":"post","link":"https:\/\/linitiative.ca\/International\/il-y-a-67-ans-lassassinat-de-ferhat-hached-son-fils-nous-fait-le-point-des-ses-recherches-sur-les-auteurs-de-lattentat-video\/","title":{"rendered":"Il y a 67 ans, l&rsquo;assassinat de Ferhat Hached : son fils nous fait le point des ses recherches sur les auteurs de l&rsquo;attentat (Vid\u00e9o)"},"content":{"rendered":"<div class=\"col-xs-2 col-sm-2 col-md-1 col-lg-1\"><img decoding=\"async\" src=\"\/images\/front\/img_commentaire.png\" alt=\"\"\/><\/div>\n<div class=\"col-xs-10 col-sm-10 col-md-11 col-lg-11\" readability=\"16\">\n<p><strong>Rachid Bouhamed<\/strong> &#8211; 04-12-2019 12:02<\/p>\n<p>J&rsquo;ai doublement mal chaque fois que je vois cette photo de Si Farhat : d&rsquo;abord, parce qu&rsquo;elle me rappelle l&rsquo;impitoyable assassinat de ce grand homme, ensuite parce que cette horreur de couvre-chef qu&rsquo;on lui a impos\u00e9 un triste jour, juste pour faire plaisir \u00e0 un pseudo \u00ab\u00a0artiste\u00a0\u00bb de bas \u00e9tage ! Je ne comprends pas qu&rsquo;on ait ainsi pu massacrer une seconde fois Si Farhat ! Qu&rsquo;attend Si Noureddine pour se r\u00e9volter contre cette atteinte tout autant imm\u00e9rit\u00e9e que la premi\u00e8re ? De gr\u00e2ce, Si Noureddine : vous devez bien \u00e7a \u00e0 la m\u00e9moire de votre auguste p\u00e8re !!!<\/p>\n<\/div>\n<p>Auteur:<br \/>\n<a href=\"https:\/\/www.leaders.com.tn\/article\/28550-il-y-a-67-ans-l-assassinat-de-ferhat-hached-son-fils-nous-fait-le-point-des-ses-recherches-sur-les-auteurs-de-l-attentat-video\">Cliquez ici pour lire l&rsquo;article depuis sa source.<\/a><\/p>\n","protected":false},"excerpt":{"rendered":"<p>Rachid Bouhamed &#8211; 04-12-2019 12:02 J&rsquo;ai doublement mal chaque fois que je vois cette photo de Si Farhat : d&rsquo;abord, parce qu&rsquo;elle me rappelle l&rsquo;impitoyable assassinat de ce grand homme, ensuite parce que cette horreur de couvre-chef qu&rsquo;on lui a impos\u00e9 un triste jour, juste pour faire plaisir \u00e0 un pseudo \u00ab\u00a0artiste\u00a0\u00bb de bas \u00e9tage [&hellip;]<\/p>\n","protected":false},"author":1772,"featured_media":69343,"comment_status":"closed","ping_status":"closed","sticky":false,"template":"","format":"standard","meta":{"fifu_image_url":"","fifu_image_alt":"","footnotes":""},"categories":[73,55],"tags":[],"class_list":["post-69342","post","type-post","status-publish","format-standard","has-post-thumbnail","hentry","category-actualite","category-tunisie"],"_links":{"self":[{"href":"https:\/\/linitiative.ca\/International\/wp-json\/wp\/v2\/posts\/69342","targetHints":{"allow":["GET"]}}],"collection":[{"href":"https:\/\/linitiative.ca\/International\/wp-json\/wp\/v2\/posts"}],"about":[{"href":"https:\/\/linitiative.ca\/International\/wp-json\/wp\/v2\/types\/post"}],"author":[{"embeddable":true,"href":"https:\/\/linitiative.ca\/International\/wp-json\/wp\/v2\/users\/1772"}],"replies":[{"embeddable":true,"href":"https:\/\/linitiative.ca\/International\/wp-json\/wp\/v2\/comments?post=69342"}],"version-history":[{"count":0,"href":"https:\/\/linitiative.ca\/International\/wp-json\/wp\/v2\/posts\/69342\/revisions"}],"wp:featuredmedia":[{"embeddable":true,"href":"https:\/\/linitiative.ca\/International\/wp-json\/"}],"wp:attachment":[{"href":"https:\/\/linitiative.ca\/International\/wp-json\/wp\/v2\/media?parent=69342"}],"wp:term":[{"taxonomy":"category","embeddable":true,"href":"https:\/\/linitiative.ca\/International\/wp-json\/wp\/v2\/categories?post=69342"},{"taxonomy":"post_tag","embeddable":true,"href":"https:\/\/linitiative.ca\/International\/wp-json\/wp\/v2\/tags?post=69342"}],"curies":[{"name":"wp","href":"https:\/\/api.w.org\/{rel}","templated":true}]}}