{"id":69352,"date":"2019-12-04T11:47:36","date_gmt":"2019-12-04T16:47:36","guid":{"rendered":"https:\/\/linitiative.ca\/International\/leila-mezian-benjelloun-encourage-lenseignement-du-mandarin-au-maroc\/"},"modified":"2019-12-04T11:47:36","modified_gmt":"2019-12-04T16:47:36","slug":"leila-mezian-benjelloun-encourage-lenseignement-du-mandarin-au-maroc","status":"publish","type":"post","link":"https:\/\/linitiative.ca\/International\/leila-mezian-benjelloun-encourage-lenseignement-du-mandarin-au-maroc\/","title":{"rendered":"Le\u00efla Mezian Benjelloun encourage l\u2019enseignement du mandarin au Maroc"},"content":{"rendered":"<p><strong>Une convention de partenariat a \u00e9t\u00e9 sign\u00e9e, mardi, entre la Fondation BMCE Bank pour l\u2019\u00c9ducation et l\u2019Environnement et l\u2019Institut Confucius de Tanger-Universit\u00e9 Abdelmalek Essa\u00e2di, visant \u00e0 enseigner le mandarin aux \u00e9l\u00e8ves d\u2019une \u00e9cole de la r\u00e9gion de Tanger.<\/strong><\/p>\n<div class=\"c10\"\/>\n<p>Ce nouveau partenariat, sign\u00e9 par la pr\u00e9sidente de la Fondation, <strong>Le\u00efla Mezian Benjelloun<\/strong>, en pr\u00e9sence de la conseill\u00e8re et \u00e9pouse de l\u2019ambassadeur de Chine au Maroc, Zhao Jiangping, du pr\u00e9sident de l\u2019Universit\u00e9 Abdelmalek Essa\u00e2di, Mohamed Errami et de l\u2019administrateur de la Fondation, Brahim Benjelloun, permettra \u00e0 l\u2019\u00e9cole de Bougdour, dans la pr\u00e9fecture de Tanger-Assilah, de b\u00e9n\u00e9ficier de cours de mandarin en pr\u00e9sentiel pour la 5\u00e8me et la 6\u00e8me ann\u00e9e du primaire.<\/p>\n<p>La signature de cette convention intervient suite \u00e0 la visite effectu\u00e9e par Zhao \u00e0 l\u2019<strong>\u00e9cole de Bouskoura<\/strong>, pionni\u00e8re dans l\u2019enseignement du mandarin \u00e0 l\u2019\u00e9cole primaire au Maroc. L\u2019\u00e9cole dispense des cours de cette langue aux \u00e9l\u00e8ves de la 5e et 6e ann\u00e9e et r\u00e9cemment de la 4e ann\u00e9e, en pr\u00e9sentiel pour Bouskoura ou \u00e0 distance pour deux \u00e9coles du R\u00e9seau Medersat.com de la province de Nador, et ce depuis 2014.<\/p>\n<p>La convention entre la Fondation et l\u2019Institut Confucius de Casablanca, Universit\u00e9 Hassan II, sign\u00e9e en 2014 a permis de faire profiter les \u00e9coles de Nador, g\u00e9ographiquement \u00e9loign\u00e9es des Instituts, du mat\u00e9riel de visioconf\u00e9rence offert par l\u2019Ambassade de Chine. De son c\u00f4t\u00e9, la Fondation a inscrit, pendant les deux derni\u00e8res ann\u00e9es, les deux meilleurs \u00e9l\u00e8ves sortis du R\u00e9seau \u00e0 des cours \u00e0 l\u2019Institut, les pr\u00e9parant \u00e0 un s\u00e9jour linguistique \u00e0 Shanghai. S\u2019exprimant \u00e0 cette occasion, Mezian Benjelloun a mis en avant l\u2019importance de cette convention, qui vient illustrer l\u2019excellence et la p\u00e9rennit\u00e9 du partenariat, scell\u00e9 en 2014, entre la Fondation et l\u2019Institut Confucius.<\/p>\n<p>\u00ab\u00a0Nous avons d\u00e9cid\u00e9 ensemble que l\u2019enseignement du mandarin puisse \u00eatre dispens\u00e9 dans les \u00e9coles de la Fondation, l\u00e0 o\u00f9 se trouve l\u2019Institut Confucius\u00a0\u00bb, a-t-elle indiqu\u00e9, ajoutant que le choix de l\u2019\u00e9cole Medersat.com de Bougdour, pr\u00e8s de Tanger, s\u2019explique par l\u2019ouverture r\u00e9cente de l\u2019<strong>Institut Confucius<\/strong> dans la ville du D\u00e9troit.<\/p>\n<p>\u00ab\u00a0L\u2019enseignement du Mandarin dans notre \u00e9cole de Tanger aura une longue port\u00e9e\u00a0\u00bb en perspective de la construction de la ville industrielle Cit\u00e9 Mohammed VI Tanger Tech, qui est en cours de d\u00e9veloppement gr\u00e2ce au partenariat maroco-chinois, a-t-elle mis exergue, soulignant que l\u2019enseignement de cette langue \u00e0 de jeunes \u00e9l\u00e8ves issus de milieux d\u00e9favoris\u00e9s et de douars enclav\u00e9s, leur permettra de s\u2019ouvrir sur la culture d\u2019une des deux grandes puissances \u00e9conomiques au monde.<\/p>\n<p>Face au succ\u00e8s qu\u2019a eu l\u2019enseignement du mandarin, et devant l\u2019int\u00e9r\u00eat que d\u00e9veloppent les enfants pour la culture chinoise, la pr\u00e9sidente de la Fondation BMCE Bank pour l\u2019\u00c9ducation et l\u2019Environnement a exprim\u00e9 son souhait d\u2019\u00e9tendre ces cours \u00e0 d\u2019autres \u00e9coles ainsi qu\u2019\u00e0 d\u2019autres niveaux, notamment du coll\u00e8ge.<\/p>\n<p>Selon la Fondation, un projet verra le jour prochainement dans ce sens, en partenariat avec le minist\u00e8re de l\u2019\u00c9ducation nationale.<\/p>\n<p>En sus de l\u2019enseignement de la langue, la Fondation et l\u2019Institut Confucius c\u00e9l\u00e8brent chaque ann\u00e9e le Nouvel an chinois, en organisant un spectacle destin\u00e9 aux enfants qui d\u00e9couvrent le chant, la danse, les arts martiaux, la calligraphie et beaucoup d\u2019autres aspects de la culture chinoise.<\/p>\n<div class=\"c17\">\n<fieldset class=\"c16\">\n<legend><strong><span class=\"c11\">Challenge<\/span><span class=\"c12\">news<\/span><\/strong><\/legend>\n<div class=\"c15\">Le meilleur de Challenge s\u00e9lectionn\u00e9 par la r\u00e9daction :<\/p>\n<\/div>\n<\/fieldset>\n<\/div>\n<p>Auteur: challenge<br \/>\n<a href=\"https:\/\/www.challenge.ma\/leila-mezian-benjelloun-encourage-lenseignement-du-mandarin-au-maroc-124835\/\">Cliquez ici pour lire l&rsquo;article depuis sa source.<\/a><\/p>\n","protected":false},"excerpt":{"rendered":"<p>Une convention de partenariat a \u00e9t\u00e9 sign\u00e9e, mardi, entre la Fondation BMCE Bank pour l\u2019\u00c9ducation et l\u2019Environnement et l\u2019Institut Confucius de Tanger-Universit\u00e9 Abdelmalek Essa\u00e2di, visant \u00e0 enseigner le mandarin aux \u00e9l\u00e8ves d\u2019une \u00e9cole de la r\u00e9gion de Tanger. Ce nouveau partenariat, sign\u00e9 par la pr\u00e9sidente de la Fondation, Le\u00efla Mezian Benjelloun, en pr\u00e9sence de la [&hellip;]<\/p>\n","protected":false},"author":1787,"featured_media":0,"comment_status":"closed","ping_status":"closed","sticky":false,"template":"","format":"standard","meta":{"fifu_image_url":"","fifu_image_alt":"","footnotes":""},"categories":[78,54],"tags":[],"class_list":["post-69352","post","type-post","status-publish","format-standard","hentry","category-economie","category-maroc"],"_links":{"self":[{"href":"https:\/\/linitiative.ca\/International\/wp-json\/wp\/v2\/posts\/69352","targetHints":{"allow":["GET"]}}],"collection":[{"href":"https:\/\/linitiative.ca\/International\/wp-json\/wp\/v2\/posts"}],"about":[{"href":"https:\/\/linitiative.ca\/International\/wp-json\/wp\/v2\/types\/post"}],"author":[{"embeddable":true,"href":"https:\/\/linitiative.ca\/International\/wp-json\/wp\/v2\/users\/1787"}],"replies":[{"embeddable":true,"href":"https:\/\/linitiative.ca\/International\/wp-json\/wp\/v2\/comments?post=69352"}],"version-history":[{"count":0,"href":"https:\/\/linitiative.ca\/International\/wp-json\/wp\/v2\/posts\/69352\/revisions"}],"wp:attachment":[{"href":"https:\/\/linitiative.ca\/International\/wp-json\/wp\/v2\/media?parent=69352"}],"wp:term":[{"taxonomy":"category","embeddable":true,"href":"https:\/\/linitiative.ca\/International\/wp-json\/wp\/v2\/categories?post=69352"},{"taxonomy":"post_tag","embeddable":true,"href":"https:\/\/linitiative.ca\/International\/wp-json\/wp\/v2\/tags?post=69352"}],"curies":[{"name":"wp","href":"https:\/\/api.w.org\/{rel}","templated":true}]}}