{"id":69355,"date":"2019-12-04T14:48:03","date_gmt":"2019-12-04T19:48:03","guid":{"rendered":"https:\/\/linitiative.ca\/International\/tunisie-video-abir-moussi-les-blocs-parlementaires-ont-voulu-signifier-a-ennhdha-quils-peuvent-lui-rendre-la-vie-difficile-au-parlement\/"},"modified":"2019-12-04T14:48:03","modified_gmt":"2019-12-04T19:48:03","slug":"tunisie-video-abir-moussi-les-blocs-parlementaires-ont-voulu-signifier-a-ennhdha-quils-peuvent-lui-rendre-la-vie-difficile-au-parlement","status":"publish","type":"post","link":"https:\/\/linitiative.ca\/International\/tunisie-video-abir-moussi-les-blocs-parlementaires-ont-voulu-signifier-a-ennhdha-quils-peuvent-lui-rendre-la-vie-difficile-au-parlement\/","title":{"rendered":"Tunisie \u2013 VIDEO\u00a0: Abir Moussi\u00a0: Les blocs parlementaires ont voulu signifier \u00e0 Ennhdha qu\u2019ils peuvent lui rendre la vie difficile au parlement"},"content":{"rendered":"<div class=\"post-cont-in left relative\">\n<div class=\"swp_social_panel swp_horizontal_panel swp_flat_fresh swp_default_full_color swp_individual_full_color swp_other_full_color scale-100 scale-\" data-min-width=\"1100\" data-float-color=\"#ffffff\" data-float=\"none\" data-float-mobile=\"none\" data-transition=\"slide\">\n<div class=\"nc_tweetContainer swp_share_button total_shares total_sharesalt\"><span class=\"swp_count\">27 <span class=\"swp_label\">Partages<\/span><\/span><\/div>\n<\/div>\n<p>Abir Moussi, pr\u00e9sident du PDL a\u00a0d\u00e9clar\u00e9 ce mercredi, \u00e0 l\u2019envoy\u00e9 de Tunisienumerique \u00e0 l\u2019ARP, que ce qui s\u2019est pass\u00e9 hier lors de la pl\u00e9ni\u00e8re du vote pour l\u2019approbation du budget compl\u00e9mentaire de 2019, \u00e9tait une mascarade qui a commenc\u00e9 par le rejet d\u2019un article de ce budget.<\/p>\n<div class=\"code-block code-block-1 c3\"><ins class=\"adsbygoogle c2\" data-ad-layout=\"in-article\" data-ad-format=\"fluid\" data-ad-client=\"ca-pub-2102118777505746\" data-ad-slot=\"7301775417\"\/> <\/div>\n<p>Tout de suite apr\u00e8s, et sans aucune raison, la pr\u00e9sidente de la s\u00e9ance \u00e0 suspendu l\u2019assembl\u00e9e pour \u00ab\u00a0permettre aux blocs de se concerter\u00a0\u00bb. Juste apr\u00e8s, \u00d4 miracle!\u00a0Ceux qui \u00e9taient contre cet article ont fini par l\u2019approuver.<\/p>\n<p>Abir Moussi a dit que ce qui s\u2019est pass\u00e9, \u00e9tait un clin d\u2019\u0153il destin\u00e9 \u00e0 Ennahdha, de la part des autres blocs, pour lui signifier qu\u2019ils peuvent bloquer ses projets \u00e0 l\u2019ARP. Donc pour pouvoir gouverner \u00e0 sa guise Ennhadha devait l\u00e2cher du lest, en ce qui concerne les portefeuilles minist\u00e9riels.<\/p>\n<p><strong>Que se passe-t-il en Tunisie?<\/strong><br \/>Nous expliquons sur notre <a href=\"https:\/\/www.youtube.com\/channel\/UCRzypVq0B_yBad5eGrwBx0Q?sub_confirmation=1\" target=\"_blank\" rel=\"noopener noreferrer\">cha\u00eene YouTube<\/a> . <a href=\"https:\/\/www.youtube.com\/channel\/UCRzypVq0B_yBad5eGrwBx0Q?sub_confirmation=1\" target=\"_blank\" rel=\"noopener noreferrer\">Abonnez-vous!<\/a><\/p>\n<div class=\"mvp-org-wrap mvp-org-logo\" itemprop=\"publisher\" itemscope=\"\" itemtype=\"https:\/\/schema.org\/Organization\"><img decoding=\"async\" src=\"https:\/\/www.tunisienumerique.com\/wp-content\/uploads\/2017\/02\/logo_tunisie_numerique.png\"\/><\/div>\n<div class=\"swp_social_panel swp_horizontal_panel swp_flat_fresh swp_default_full_color swp_individual_full_color swp_other_full_color scale-100 scale-\" data-min-width=\"1100\" data-float-color=\"#ffffff\" data-float=\"none\" data-float-mobile=\"none\" data-transition=\"slide\">\n<div class=\"nc_tweetContainer swp_share_button total_shares total_sharesalt\"><span class=\"swp_count\">27 <span class=\"swp_label\">Partages<\/span><\/span><\/div>\n<\/div>\n<div class=\"mvp-related-posts left relative\">\n<h4 class=\"post-header\"><span class=\"post-header\">Lire aussi<\/span><\/h4>\n<\/div>\n<\/div>\n<p>Auteur: LM<br \/>\n<a href=\"https:\/\/www.tunisienumerique.com\/tunisie-video-abir-moussi-les-blocs-parlementaires-ont-voulu-signifier-a-ennhdha-quils-peuvent-lui-rendre-la-vie-difficile-au-parlement\/\">Cliquez ici pour lire l&rsquo;article depuis sa source.<\/a><\/p>\n","protected":false},"excerpt":{"rendered":"<p>27 Partages Abir Moussi, pr\u00e9sident du PDL a\u00a0d\u00e9clar\u00e9 ce mercredi, \u00e0 l\u2019envoy\u00e9 de Tunisienumerique \u00e0 l\u2019ARP, que ce qui s\u2019est pass\u00e9 hier lors de la pl\u00e9ni\u00e8re du vote pour l\u2019approbation du budget compl\u00e9mentaire de 2019, \u00e9tait une mascarade qui a commenc\u00e9 par le rejet d\u2019un article de ce budget. Tout de suite apr\u00e8s, et sans [&hellip;]<\/p>\n","protected":false},"author":1789,"featured_media":69356,"comment_status":"closed","ping_status":"closed","sticky":false,"template":"","format":"standard","meta":{"fifu_image_url":"","fifu_image_alt":"","footnotes":""},"categories":[73,55],"tags":[],"class_list":["post-69355","post","type-post","status-publish","format-standard","has-post-thumbnail","hentry","category-actualite","category-tunisie"],"_links":{"self":[{"href":"https:\/\/linitiative.ca\/International\/wp-json\/wp\/v2\/posts\/69355","targetHints":{"allow":["GET"]}}],"collection":[{"href":"https:\/\/linitiative.ca\/International\/wp-json\/wp\/v2\/posts"}],"about":[{"href":"https:\/\/linitiative.ca\/International\/wp-json\/wp\/v2\/types\/post"}],"author":[{"embeddable":true,"href":"https:\/\/linitiative.ca\/International\/wp-json\/wp\/v2\/users\/1789"}],"replies":[{"embeddable":true,"href":"https:\/\/linitiative.ca\/International\/wp-json\/wp\/v2\/comments?post=69355"}],"version-history":[{"count":0,"href":"https:\/\/linitiative.ca\/International\/wp-json\/wp\/v2\/posts\/69355\/revisions"}],"wp:featuredmedia":[{"embeddable":true,"href":"https:\/\/linitiative.ca\/International\/wp-json\/"}],"wp:attachment":[{"href":"https:\/\/linitiative.ca\/International\/wp-json\/wp\/v2\/media?parent=69355"}],"wp:term":[{"taxonomy":"category","embeddable":true,"href":"https:\/\/linitiative.ca\/International\/wp-json\/wp\/v2\/categories?post=69355"},{"taxonomy":"post_tag","embeddable":true,"href":"https:\/\/linitiative.ca\/International\/wp-json\/wp\/v2\/tags?post=69355"}],"curies":[{"name":"wp","href":"https:\/\/api.w.org\/{rel}","templated":true}]}}