{"id":69359,"date":"2019-12-04T15:26:50","date_gmt":"2019-12-04T20:26:50","guid":{"rendered":"https:\/\/linitiative.ca\/International\/tunisie-audio-jemli-severtue-a-vouloir-prouver-quil-est-en-train-de-contrarier-ennahdha-par-rapport-a-la-formation-du-gouvernement\/"},"modified":"2019-12-04T15:26:50","modified_gmt":"2019-12-04T20:26:50","slug":"tunisie-audio-jemli-severtue-a-vouloir-prouver-quil-est-en-train-de-contrarier-ennahdha-par-rapport-a-la-formation-du-gouvernement","status":"publish","type":"post","link":"https:\/\/linitiative.ca\/International\/tunisie-audio-jemli-severtue-a-vouloir-prouver-quil-est-en-train-de-contrarier-ennahdha-par-rapport-a-la-formation-du-gouvernement\/","title":{"rendered":"Tunisie \u2013 AUDIO\u00a0: Jemli s\u2019\u00e9vertue \u00e0 vouloir prouver qu\u2019il est en train de contrarier Ennahdha par rapport \u00e0 la formation du gouvernement"},"content":{"rendered":"<div class=\"post-cont-in left relative\">\n<div class=\"swp_social_panel swp_horizontal_panel swp_flat_fresh swp_default_full_color swp_individual_full_color swp_other_full_color scale-100 scale-\" data-min-width=\"1100\" data-float-color=\"#ffffff\" data-float=\"none\" data-float-mobile=\"none\" data-transition=\"slide\">\n<div class=\"nc_tweetContainer swp_share_button total_shares total_sharesalt\"><span class=\"swp_count\">15 <span class=\"swp_label\">Partages<\/span><\/span><\/div>\n<\/div>\n<p>Le chef du gouvernement charg\u00e9, Habib Jemli, est intervenu ce mercredi, sur les onde d\u2019ExpressFM pour r\u00e9pondre aux questions concernant l\u2019\u00e9tat d\u2019avancement de la formation de la prochaine \u00e9quipe gouvernementale.<\/p>\n<div class=\"code-block code-block-1 c3\"><ins class=\"adsbygoogle c2\" data-ad-layout=\"in-article\" data-ad-format=\"fluid\" data-ad-client=\"ca-pub-2102118777505746\" data-ad-slot=\"7301775417\"\/> <\/div>\n<p>Jemli a assur\u00e9 que les partis qui seront repr\u00e9sent\u00e9s au gouvernement n\u2019ont pas encore \u00e9t\u00e9 choisis, ajoutant que tant que les pourparlers sont en cours, il peut, toujours, y avoir des revirements de situations et de positions. Serait-il, l\u00e0, en train de vouloir insinuer qu\u2019Ennadha n\u2019est pas assur\u00e9e de participer au gouvernement\u00a0?<\/p>\n<p>Sur un autre plan, il a ajout\u00e9 qu\u2019il a d\u00e9cid\u00e9 qu\u2019aucun des minist\u00e8res r\u00e9galiens ne sera confi\u00e9 \u00e0 un quelconque parti politique. Ce qui contredit les dol\u00e9ances d\u2019Ennahdha et les d\u00e9cisions de son conseil de la Choura. Il a, m\u00eame, laiss\u00e9 entendre que le ministre de l\u2019Int\u00e9rieur, Hichem Fourati ne ferait probablement pas partie du prochain gouvernement.<\/p>\n<p>Concernant la configuration de son \u00e9quipe, Jemli a assur\u00e9 qu\u2019il a d\u00e9cid\u00e9 de ne pas r\u00e9duire le nombre de minist\u00e8res, comme cela avait \u00e9t\u00e9 demand\u00e9 par de nombreux partis, y compris Ennahdha. Il a pr\u00e9cis\u00e9 qu\u2019il ne jugeait pas la p\u00e9riode propice pour r\u00e9duire le nombre de minist\u00e8re et de constituer des p\u00f4les regroupant les minist\u00e8res \u00e0 vocation semblable. Il a ajout\u00e9 qu\u2019au contraire, il allait, non seulement garder le m\u00eame nombre , mais qu\u2019il allait aussi mettre en place une commission au sein de la pr\u00e9sidence du gouvernement, constitu\u00e9e par des comp\u00e9tences, avec probablement rangs et avantages de ministres, pour superviser chacun un groupe de minist\u00e8res.<\/p>\n<p>En r\u00e9sum\u00e9, Jemli a voulu faire entendre qu\u2019il\u00a0a les coud\u00e9es\u00a0franches\u00a0pour penser et former son gouvernement comme il l\u2019entend et qu\u2019il n\u2019\u00e9tait t pas pr\u00eat \u00e0 faire des concessions, m\u00eame \u00e0\u00a0 pas \u00e0 Ennahdha\u00a0!<\/p>\n<p>De toutes les fa\u00e7ons, on ne perd rien \u00e0 attendre pour voir s\u2019il tiendra sur cette ligne rebelle ou s\u2019il pliera aux exigences de ses donneurs d\u2019ordres.<br \/><iframe loading=\"lazy\" class=\"c4\" src=\"https:\/\/www.facebook.com\/plugins\/video.php?href=https%3A%2F%2Fwww.facebook.com%2FRadioExpressFm%2Fvideos%2F2622454057814193%2F&#038;show_text=0&#038;width=560\" width=\"560\" height=\"315\" frameborder=\"0\" scrolling=\"no\" allowfullscreen=\"allowfullscreen\">[embedded content]<\/iframe><\/p>\n<p><strong>Que se passe-t-il en Tunisie?<\/strong><br \/>Nous expliquons sur notre <a href=\"https:\/\/www.youtube.com\/channel\/UCRzypVq0B_yBad5eGrwBx0Q?sub_confirmation=1\" target=\"_blank\" rel=\"noopener noreferrer\">cha\u00eene YouTube<\/a> . <a href=\"https:\/\/www.youtube.com\/channel\/UCRzypVq0B_yBad5eGrwBx0Q?sub_confirmation=1\" target=\"_blank\" rel=\"noopener noreferrer\">Abonnez-vous!<\/a><\/p>\n<div class=\"mvp-org-wrap mvp-org-logo\" itemprop=\"publisher\" itemscope=\"\" itemtype=\"https:\/\/schema.org\/Organization\"><img decoding=\"async\" src=\"https:\/\/www.tunisienumerique.com\/wp-content\/uploads\/2017\/02\/logo_tunisie_numerique.png\"\/><\/div>\n<div class=\"swp_social_panel swp_horizontal_panel swp_flat_fresh swp_default_full_color swp_individual_full_color swp_other_full_color scale-100 scale-\" data-min-width=\"1100\" data-float-color=\"#ffffff\" data-float=\"none\" data-float-mobile=\"none\" data-transition=\"slide\">\n<div class=\"nc_tweetContainer swp_share_button total_shares total_sharesalt\"><span class=\"swp_count\">15 <span class=\"swp_label\">Partages<\/span><\/span><\/div>\n<\/div>\n<div class=\"mvp-related-posts left relative\">\n<h4 class=\"post-header\"><span class=\"post-header\">Lire aussi<\/span><\/h4>\n<\/div>\n<\/div>\n<p>Auteur: LM<br \/>\n<a href=\"https:\/\/www.tunisienumerique.com\/tunisie-audio-jemli-severtue-a-vouloir-prouver-quil-est-en-train-de-contrarier-ennahdha-par-rapport-a-la-formation-du-gouvernement\/\">Cliquez ici pour lire l&rsquo;article depuis sa source.<\/a><\/p>\n","protected":false},"excerpt":{"rendered":"<p>15 Partages Le chef du gouvernement charg\u00e9, Habib Jemli, est intervenu ce mercredi, sur les onde d\u2019ExpressFM pour r\u00e9pondre aux questions concernant l\u2019\u00e9tat d\u2019avancement de la formation de la prochaine \u00e9quipe gouvernementale. Jemli a assur\u00e9 que les partis qui seront repr\u00e9sent\u00e9s au gouvernement n\u2019ont pas encore \u00e9t\u00e9 choisis, ajoutant que tant que les pourparlers sont [&hellip;]<\/p>\n","protected":false},"author":1789,"featured_media":69360,"comment_status":"closed","ping_status":"closed","sticky":false,"template":"","format":"standard","meta":{"fifu_image_url":"","fifu_image_alt":"","footnotes":""},"categories":[73,55],"tags":[],"class_list":["post-69359","post","type-post","status-publish","format-standard","has-post-thumbnail","hentry","category-actualite","category-tunisie"],"_links":{"self":[{"href":"https:\/\/linitiative.ca\/International\/wp-json\/wp\/v2\/posts\/69359","targetHints":{"allow":["GET"]}}],"collection":[{"href":"https:\/\/linitiative.ca\/International\/wp-json\/wp\/v2\/posts"}],"about":[{"href":"https:\/\/linitiative.ca\/International\/wp-json\/wp\/v2\/types\/post"}],"author":[{"embeddable":true,"href":"https:\/\/linitiative.ca\/International\/wp-json\/wp\/v2\/users\/1789"}],"replies":[{"embeddable":true,"href":"https:\/\/linitiative.ca\/International\/wp-json\/wp\/v2\/comments?post=69359"}],"version-history":[{"count":0,"href":"https:\/\/linitiative.ca\/International\/wp-json\/wp\/v2\/posts\/69359\/revisions"}],"wp:featuredmedia":[{"embeddable":true,"href":"https:\/\/linitiative.ca\/International\/wp-json\/"}],"wp:attachment":[{"href":"https:\/\/linitiative.ca\/International\/wp-json\/wp\/v2\/media?parent=69359"}],"wp:term":[{"taxonomy":"category","embeddable":true,"href":"https:\/\/linitiative.ca\/International\/wp-json\/wp\/v2\/categories?post=69359"},{"taxonomy":"post_tag","embeddable":true,"href":"https:\/\/linitiative.ca\/International\/wp-json\/wp\/v2\/tags?post=69359"}],"curies":[{"name":"wp","href":"https:\/\/api.w.org\/{rel}","templated":true}]}}