{"id":69363,"date":"2019-12-04T16:20:12","date_gmt":"2019-12-04T21:20:12","guid":{"rendered":"https:\/\/linitiative.ca\/International\/tunisie-images-intemperies-monastir-submergee-par-les-flots\/"},"modified":"2019-12-04T16:20:12","modified_gmt":"2019-12-04T21:20:12","slug":"tunisie-images-intemperies-monastir-submergee-par-les-flots","status":"publish","type":"post","link":"https:\/\/linitiative.ca\/International\/tunisie-images-intemperies-monastir-submergee-par-les-flots\/","title":{"rendered":"Tunisie \u2013 IMAGES\u00a0: Intemp\u00e9ries\u00a0: Monastir submerg\u00e9e par les flots"},"content":{"rendered":"<div class=\"post-cont-in left relative\">\n<div class=\"swp_social_panel swp_horizontal_panel swp_flat_fresh swp_default_full_color swp_individual_full_color swp_other_full_color scale-100 scale-\" data-min-width=\"1100\" data-float-color=\"#ffffff\" data-float=\"none\" data-float-mobile=\"none\" data-transition=\"slide\">\n<div class=\"nc_tweetContainer swp_share_button total_shares total_sharesalt\"><span class=\"swp_count\">61 <span class=\"swp_label\">Partages<\/span><\/span><\/div>\n<\/div>\n<p>La ville de Monastir a \u00e9t\u00e9 rapidement submerg\u00e9e par les flots, suite \u00e0 de fortes pr\u00e9cipitations, le syst\u00e8me d\u2019\u00e9vacuation des eaux pluviales a vite \u00e9t\u00e9 d\u00e9pass\u00e9 par les quantit\u00e9s de pluies tomb\u00e9es en un court laps de temps, inondant plusieurs quartiers de la ville.<\/p>\n<div class=\"code-block code-block-1 c3\"><ins class=\"adsbygoogle c2\" data-ad-layout=\"in-article\" data-ad-format=\"fluid\" data-ad-client=\"ca-pub-2102118777505746\" data-ad-slot=\"7301775417\"\/> <\/div>\n<p>Il en a \u00e9t\u00e9 de m\u00eame dans les villes voisines relevant du gouvernorat de Monastir.<\/p>\n<p><img loading=\"lazy\" decoding=\"async\" class=\"aligncenter size-full wp-image-479512\" src=\"https:\/\/www.tunisienumerique.com\/wp-content\/uploads\/2019\/12\/monastir2.jpg\" alt=\"\" width=\"960\" height=\"720\" srcset=\"https:\/\/www.tunisienumerique.com\/wp-content\/uploads\/2019\/12\/monastir2.jpg 960w, https:\/\/www.tunisienumerique.com\/wp-content\/uploads\/2019\/12\/monastir2-768x576.jpg 768w, https:\/\/www.tunisienumerique.com\/wp-content\/uploads\/2019\/12\/monastir2-600x450.jpg 600w\" sizes=\"auto, (max-width: 960px) 100vw, 960px\"\/><\/p>\n<p><img loading=\"lazy\" decoding=\"async\" class=\"aligncenter size-full wp-image-479513\" src=\"https:\/\/www.tunisienumerique.com\/wp-content\/uploads\/2019\/12\/monastir3.jpg\" alt=\"\" width=\"960\" height=\"455\" srcset=\"https:\/\/www.tunisienumerique.com\/wp-content\/uploads\/2019\/12\/monastir3.jpg 960w, https:\/\/www.tunisienumerique.com\/wp-content\/uploads\/2019\/12\/monastir3-768x364.jpg 768w, https:\/\/www.tunisienumerique.com\/wp-content\/uploads\/2019\/12\/monastir3-600x284.jpg 600w\" sizes=\"auto, (max-width: 960px) 100vw, 960px\"\/><\/p>\n<p><strong>Que se passe-t-il en Tunisie?<\/strong><br \/>Nous expliquons sur notre <a href=\"https:\/\/www.youtube.com\/channel\/UCRzypVq0B_yBad5eGrwBx0Q?sub_confirmation=1\" target=\"_blank\" rel=\"noopener noreferrer\">cha\u00eene YouTube<\/a> . <a href=\"https:\/\/www.youtube.com\/channel\/UCRzypVq0B_yBad5eGrwBx0Q?sub_confirmation=1\" target=\"_blank\" rel=\"noopener noreferrer\">Abonnez-vous!<\/a><\/p>\n<div class=\"mvp-org-wrap mvp-org-logo\" itemprop=\"publisher\" itemscope=\"\" itemtype=\"https:\/\/schema.org\/Organization\"><img decoding=\"async\" src=\"https:\/\/www.tunisienumerique.com\/wp-content\/uploads\/2017\/02\/logo_tunisie_numerique.png\"\/><\/div>\n<div class=\"swp_social_panel swp_horizontal_panel swp_flat_fresh swp_default_full_color swp_individual_full_color swp_other_full_color scale-100 scale-\" data-min-width=\"1100\" data-float-color=\"#ffffff\" data-float=\"none\" data-float-mobile=\"none\" data-transition=\"slide\">\n<div class=\"nc_tweetContainer swp_share_button total_shares total_sharesalt\"><span class=\"swp_count\">61 <span class=\"swp_label\">Partages<\/span><\/span><\/div>\n<\/div>\n<div class=\"mvp-related-posts left relative\">\n<h4 class=\"post-header\"><span class=\"post-header\">Lire aussi<\/span><\/h4>\n<\/div>\n<\/div>\n<p>Auteur: LM<br \/>\n<a href=\"https:\/\/www.tunisienumerique.com\/tunisie-images-intemperies-monastir-submergee-par-les-flots\/\">Cliquez ici pour lire l&rsquo;article depuis sa source.<\/a><\/p>\n","protected":false},"excerpt":{"rendered":"<p>61 Partages La ville de Monastir a \u00e9t\u00e9 rapidement submerg\u00e9e par les flots, suite \u00e0 de fortes pr\u00e9cipitations, le syst\u00e8me d\u2019\u00e9vacuation des eaux pluviales a vite \u00e9t\u00e9 d\u00e9pass\u00e9 par les quantit\u00e9s de pluies tomb\u00e9es en un court laps de temps, inondant plusieurs quartiers de la ville. Il en a \u00e9t\u00e9 de m\u00eame dans les villes [&hellip;]<\/p>\n","protected":false},"author":1789,"featured_media":69364,"comment_status":"closed","ping_status":"closed","sticky":false,"template":"","format":"standard","meta":{"fifu_image_url":"","fifu_image_alt":"","footnotes":""},"categories":[73,55],"tags":[],"class_list":["post-69363","post","type-post","status-publish","format-standard","has-post-thumbnail","hentry","category-actualite","category-tunisie"],"_links":{"self":[{"href":"https:\/\/linitiative.ca\/International\/wp-json\/wp\/v2\/posts\/69363","targetHints":{"allow":["GET"]}}],"collection":[{"href":"https:\/\/linitiative.ca\/International\/wp-json\/wp\/v2\/posts"}],"about":[{"href":"https:\/\/linitiative.ca\/International\/wp-json\/wp\/v2\/types\/post"}],"author":[{"embeddable":true,"href":"https:\/\/linitiative.ca\/International\/wp-json\/wp\/v2\/users\/1789"}],"replies":[{"embeddable":true,"href":"https:\/\/linitiative.ca\/International\/wp-json\/wp\/v2\/comments?post=69363"}],"version-history":[{"count":0,"href":"https:\/\/linitiative.ca\/International\/wp-json\/wp\/v2\/posts\/69363\/revisions"}],"wp:featuredmedia":[{"embeddable":true,"href":"https:\/\/linitiative.ca\/International\/wp-json\/"}],"wp:attachment":[{"href":"https:\/\/linitiative.ca\/International\/wp-json\/wp\/v2\/media?parent=69363"}],"wp:term":[{"taxonomy":"category","embeddable":true,"href":"https:\/\/linitiative.ca\/International\/wp-json\/wp\/v2\/categories?post=69363"},{"taxonomy":"post_tag","embeddable":true,"href":"https:\/\/linitiative.ca\/International\/wp-json\/wp\/v2\/tags?post=69363"}],"curies":[{"name":"wp","href":"https:\/\/api.w.org\/{rel}","templated":true}]}}