{"id":69366,"date":"2019-12-04T14:49:10","date_gmt":"2019-12-04T19:49:10","guid":{"rendered":"https:\/\/linitiative.ca\/International\/rencontre-de-pau-sur-la-lutte-contre-linsecurite-au-sahel\/"},"modified":"2019-12-04T14:49:10","modified_gmt":"2019-12-04T19:49:10","slug":"rencontre-de-pau-sur-la-lutte-contre-linsecurite-au-sahel","status":"publish","type":"post","link":"https:\/\/linitiative.ca\/International\/rencontre-de-pau-sur-la-lutte-contre-linsecurite-au-sahel\/","title":{"rendered":"RENCONTRE DE PAU SUR LA LUTTE CONTRE L\u2019INSECURITE AU SAHEL"},"content":{"rendered":"<div class=\"stream-item stream-item-above-post-content\">\n<p><noscript><\/p>\n<p><a href=\"\/\/www3.smartadserver.com\/ac?jump=1&#038;nwid=2136&#038;siteid=240610&#038;pgname=rg&#038;fmtid=49046&#038;visit=m&#038;tmstp=[timestamp]&#038;out=nonrich\" target=\"_blank\" rel=\"noopener noreferrer\"><img decoding=\"async\" src=\"\/\/www3.smartadserver.com\/ac?out=nonrich&#038;nwid=2136&#038;siteid=240610&#038;pgname=rg&#038;fmtid=49046&#038;visit=m&#038;tmstp=[timestamp]\" border=\"0\" alt=\"\"\/><\/a><\/p>\n<p><\/noscript><\/div>\n<p><em>\u00ab\u00a0Je ne peux ni ne veux avoir de soldats fran\u00e7ais sur quelque sol du Sahel que ce soit, alors m\u00eame que l\u2019ambigu\u00eft\u00e9 persiste \u00e0 l\u2019\u00e9gard de mouvements anti-fran\u00e7ais, parfois port\u00e9s par des responsables politiques\u00a0\u00bb,<\/em> a d\u00e9clar\u00e9, hier, 4 d\u00e9cembre 2019, le pr\u00e9sident fran\u00e7ais, Emmanuel Macron, \u00e0 l\u2019issue du sommet de l\u2019OTAN qui s\u2019est tenu \u00e0 Londres en Angleterre. Et dans la foul\u00e9e, le chef de l\u2019Etat fran\u00e7ais a annonc\u00e9 une rencontre avec les dirigeants des pays membres du G5 Sahel,\u00a0 le 16 d\u00e9cembre prochain, \u00e0 Pau, en France. Ce sera donc l\u2019occasion pour le successeur de Fran\u00e7ois Hollande, d\u2019assener ses v\u00e9rit\u00e9s \u00e0 ses pairs du Sahel o\u00f9 sont mobilis\u00e9s 4 500 soldats fran\u00e7ais\u00a0 et de r\u00e9clamer un appui clair et sans ambigu\u00eft\u00e9 face \u00e0 la mont\u00e9e du sentiment anti-fran\u00e7ais. Car le moins que l\u2019on puisse dire, c\u2019est que le pr\u00e9sident fran\u00e7ais donne l\u2019impression d\u2019en avoir gros sur le c\u0153ur, tant son pays, en d\u00e9pit de son engagement au Sahel, est r\u00e9compens\u00e9 en monnaie de singe. En t\u00e9moigne la clameur qui monte chaque jour que Dieu fait, contre la pr\u00e9sence des troupes fran\u00e7aises dans la bande sah\u00e9lo-saharienne o\u00f9 pas plus tard que le 25 novembre dernier, ont p\u00e9ri 13 soldats tricolores dans la collision de deux h\u00e9licopt\u00e8res \u00e0 Menaka.<\/p>\n<p><strong>\u00a0<\/strong><\/p>\n<p><strong>La rencontre de Pau permettra \u00e0 Macron et ses alli\u00e9s du Sahel de mettre les points sur les i<\/strong><\/p>\n<p><strong>\u00a0<\/strong><\/p>\n<p class=\"c3\">Peu avant le pr\u00e9sident fran\u00e7ais, c\u2019est le chef d\u2019Etat-major g\u00e9n\u00e9ral des arm\u00e9es fran\u00e7aises, le g\u00e9n\u00e9ral Fran\u00e7ois\u00a0 Lecointre, qui ne cachait pas son agacement face aux accusations dont la France fait l\u2019objet depuis peu au Sahel, en l\u2019occurrence au Mali et au Burkina Faso, pour ne pas les nommer o\u00f9 des voix et pas des moindres se sont \u00e9lev\u00e9es pour demander le d\u00e9part des soldats fran\u00e7ais. Pourtant, il faut avoir le courage de le dire\u00a0: la France, quoi qu\u2019on puisse en dire, est plus que tout autre puissance, engag\u00e9e aux c\u00f4t\u00e9s des pays membres du G5 Sahel dont les Forces de d\u00e9fense et de s\u00e9curit\u00e9 sont harcel\u00e9es \u00e0 longueur de jour et de nuit par les diff\u00e9rents groupes arm\u00e9s dont certains disposent d\u2019une puissance de feu redoutable. C\u2019est dire donc que si la France venait \u00e0 quitter le Sahel, les souverainistes et autres panafricanistes revendiqu\u00e9s pourraient avoir le sommeil trouble, tant nos arm\u00e9es locales semblent d\u00e9bord\u00e9es face \u00e0 l\u2019ampleur de la menace. En tout cas, la rencontre de Pau a toute sa raison d\u2019\u00eatre en ce sens qu\u2019elle permettra \u00e0 Macron et ses alli\u00e9s du Sahel de mettre les points sur les i.<\/p>\n<p><strong>\u00a0<\/strong><\/p>\n<p><strong>B.O<\/strong><\/p>\n<p>Auteur: Le Pays<br \/>\n<a href=\"http:\/\/lepays.bf\/rencontre-de-pau-sur-la-lutte-contre-linsecurite-au-sahel\/\">Cliquez ici pour lire l&rsquo;article depuis sa source.<\/a><\/p>\n","protected":false},"excerpt":{"rendered":"<p>\u00ab\u00a0Je ne peux ni ne veux avoir de soldats fran\u00e7ais sur quelque sol du Sahel que ce soit, alors m\u00eame que l\u2019ambigu\u00eft\u00e9 persiste \u00e0 l\u2019\u00e9gard de mouvements anti-fran\u00e7ais, parfois port\u00e9s par des responsables politiques\u00a0\u00bb, a d\u00e9clar\u00e9, hier, 4 d\u00e9cembre 2019, le pr\u00e9sident fran\u00e7ais, Emmanuel Macron, \u00e0 l\u2019issue du sommet de l\u2019OTAN qui s\u2019est tenu \u00e0 [&hellip;]<\/p>\n","protected":false},"author":1813,"featured_media":0,"comment_status":"closed","ping_status":"closed","sticky":false,"template":"","format":"standard","meta":{"fifu_image_url":"","fifu_image_alt":"","footnotes":""},"categories":[73,81],"tags":[],"class_list":["post-69366","post","type-post","status-publish","format-standard","hentry","category-actualite","category-burkina-faso"],"_links":{"self":[{"href":"https:\/\/linitiative.ca\/International\/wp-json\/wp\/v2\/posts\/69366","targetHints":{"allow":["GET"]}}],"collection":[{"href":"https:\/\/linitiative.ca\/International\/wp-json\/wp\/v2\/posts"}],"about":[{"href":"https:\/\/linitiative.ca\/International\/wp-json\/wp\/v2\/types\/post"}],"author":[{"embeddable":true,"href":"https:\/\/linitiative.ca\/International\/wp-json\/wp\/v2\/users\/1813"}],"replies":[{"embeddable":true,"href":"https:\/\/linitiative.ca\/International\/wp-json\/wp\/v2\/comments?post=69366"}],"version-history":[{"count":0,"href":"https:\/\/linitiative.ca\/International\/wp-json\/wp\/v2\/posts\/69366\/revisions"}],"wp:attachment":[{"href":"https:\/\/linitiative.ca\/International\/wp-json\/wp\/v2\/media?parent=69366"}],"wp:term":[{"taxonomy":"category","embeddable":true,"href":"https:\/\/linitiative.ca\/International\/wp-json\/wp\/v2\/categories?post=69366"},{"taxonomy":"post_tag","embeddable":true,"href":"https:\/\/linitiative.ca\/International\/wp-json\/wp\/v2\/tags?post=69366"}],"curies":[{"name":"wp","href":"https:\/\/api.w.org\/{rel}","templated":true}]}}