{"id":69367,"date":"2019-12-04T14:51:42","date_gmt":"2019-12-04T19:51:42","guid":{"rendered":"https:\/\/linitiative.ca\/International\/monnaie-unique-de-la-cedeao\/"},"modified":"2019-12-04T14:51:42","modified_gmt":"2019-12-04T19:51:42","slug":"monnaie-unique-de-la-cedeao","status":"publish","type":"post","link":"https:\/\/linitiative.ca\/International\/monnaie-unique-de-la-cedeao\/","title":{"rendered":"MONNAIE UNIQUE DE LA CEDEAO"},"content":{"rendered":"<div class=\"stream-item stream-item-above-post-content\">\n<p><noscript><\/p>\n<p><a href=\"\/\/www3.smartadserver.com\/ac?jump=1&#038;nwid=2136&#038;siteid=240610&#038;pgname=rg&#038;fmtid=49046&#038;visit=m&#038;tmstp=[timestamp]&#038;out=nonrich\" target=\"_blank\" rel=\"noopener noreferrer\"><img decoding=\"async\" src=\"\/\/www3.smartadserver.com\/ac?out=nonrich&#038;nwid=2136&#038;siteid=240610&#038;pgname=rg&#038;fmtid=49046&#038;visit=m&#038;tmstp=[timestamp]\" border=\"0\" alt=\"\"\/><\/a><\/p>\n<p><\/noscript><\/div>\n<p><em>On le sait,\u00a0 depuis la rencontre des ministres des Finances des pays membres de la Communaut\u00e9 \u00e9conomique des Etats de l\u2019Afrique de l\u2019Ouest (CEDEAO), les 17 et 18 juin 2019, \u00e0 Abidjan, les jalons de la monnaie unique de l\u2019espace communautaire, ont \u00e9t\u00e9 pos\u00e9s. M\u00eame si, pour l\u2019heure, il n\u2019y a pas un agenda pr\u00e9cis, l\u2019on peut dire qu\u2019au fur et \u00e0 mesure que les r\u00e9unions ou sommets des chefs d\u2019Etat se succ\u00e8dent, les contours de la monnaie unique se dessinent. Ce faisant, il faut se f\u00e9liciter de ces avanc\u00e9es dans le projet dont le bien-fond\u00e9 n\u2019est plus \u00e0 d\u00e9montrer. En effet, en plus d\u2019assurer l\u2019ind\u00e9pendance et la souverainet\u00e9 pleines et enti\u00e8res aux Etats membres de l\u2019espace communautaire, cette monnaie sera un facteur d\u2019acc\u00e9l\u00e9ration de l\u2019int\u00e9gration sous-r\u00e9gionale et par ricochet, un indispensable boosteur de l\u2019\u00e9conomie sous-r\u00e9gionale. Mais l\u2019on sait que ce projet communautaire n\u2019a pas que des amis. Car, nombreux sont ceux qui voient d\u2019un mauvais \u0153il ou sont sceptiques sur l\u2019av\u00e8nement de l\u2019ECO. Au nombre de ces adversaires de la future monnaie unique de la CEDEAO, l\u2019on note certains chefs d\u2019Etat de l\u2019espace communautaire. C\u2019est le cas du pr\u00e9sident ivoirien, Alassane Dramane Ouattara, qui n\u2019a jamais fait myst\u00e8re de son attachement au franc CFA. Le 3 d\u00e9cembre dernier, \u00e0 Dakar, il a encore maintenu sa position en rappelant son attachement \u00e0 une monnaie arrim\u00e9e \u00e0 l\u2019euro. Dans une moindre mesure, on peut aussi inscrire sur la liste des adversaires de l\u2019ECO, le pr\u00e9sident s\u00e9n\u00e9galais, Macky Sall, dont les louvoiements sur la question cachent tr\u00e8s mal une g\u00eane. Mais plus redoutables que les chefs d\u2019Etat africains sont les adversaires ext\u00e9rieurs de la monnaie unique de la CEDEAO, en l\u2019occurrence les anciennes puissances coloniales, en l\u2019occurrence la France.<\/em><\/p>\n<p><em><strong>\u00a0<\/strong><\/em><\/p>\n<p><em><strong>Le chemin est parsem\u00e9 d\u2019emb\u00fbches et reste encore long<\/strong><\/em><\/p>\n<p><em><strong>\u00a0<\/strong><\/em><\/p>\n<p class=\"c3\"><em>Car, ce n\u2019est un secret pour personne que le franc CFA demeure non seulement le principal instrument d\u2019h\u00e9g\u00e9monie de l\u2019Hexagone sur son pr\u00e9-carr\u00e9, mais aussi un pan important de l\u2019\u00e9conomie de traite que la France a toujours entretenue avec ses anciennes colonies. C\u2019est donc peu dire que le pays de Macron se donnera autant de moyens qu\u2019il le peut pour multiplier les obstacles sur le chemin de la marche vers l\u2019ECO. Du reste, il a d\u00e9j\u00e0 commenc\u00e9 en rappelant que ce serait risqu\u00e9 d\u2019abandonner le franc CFA. Mais l\u2019ECO n\u2019a pas que des ennemis. La future monnaie est soutenue par de nombreux chefs d\u2019Etat comme celui du Niger, Mahamadou Issoufou, ou du Burkina Faso, Roch Marc Christian Kabor\u00e9. Mieux, le projet peut compter sur l\u2019appui du puissant Front anti-CFA de la soci\u00e9t\u00e9 civile, cornaqu\u00e9 par K\u00e9mi S\u00e9ba. L\u2019un dans l\u2019autre, on peut dire que m\u00eame si l\u2019on avance dans la bonne direction, le chemin est parsem\u00e9 d\u2019emb\u00fbches et reste encore long. Il ne faudra donc pas s\u2019\u00e9tonner d\u2019un nouveau report de la date de mise en circulation des billets ECO. En effet, d\u2019importants efforts restent \u00e0 faire par les diff\u00e9rents pays concern\u00e9s. Par ailleurs, malgr\u00e9 un taux de croissance \u00e9conomique estim\u00e9 \u00e0 3% en 2018 et projet\u00e9 \u00e0 3,4% en 2019, les \u00e9conomies de la sous-r\u00e9gion sont impact\u00e9es n\u00e9gativement par le d\u00e9fi s\u00e9curitaire et les chocs ext\u00e9rieurs. De nombreux pays ont une balance commerciale d\u00e9ficitaire qui p\u00e8se sur les r\u00e9serves ext\u00e9rieures de leurs banques centrales et qui fragilise surtout les taux de change avec les devises de r\u00e9f\u00e9rences mondiales. Dans la sous-r\u00e9gion, nombreux sont aussi les Etats dont le d\u00e9ficit budg\u00e9taire est tr\u00e8s \u00e9lev\u00e9 avec une incidence sur leurs dettes publiques.<\/em><\/p>\n<p class=\"c3\"><em>\u00a0<\/em><\/p>\n<p><em><strong>\u00ab\u00a0Le Pays\u00a0\u00bb<\/strong><\/em><\/p>\n<p><strong>\u00a0<\/strong><\/p>\n<p>Auteur: Le Pays<br \/>\n<a href=\"http:\/\/lepays.bf\/monnaie-unique-de-la-cedeao-3\/\">Cliquez ici pour lire l&rsquo;article depuis sa source.<\/a><\/p>\n","protected":false},"excerpt":{"rendered":"<p>On le sait,\u00a0 depuis la rencontre des ministres des Finances des pays membres de la Communaut\u00e9 \u00e9conomique des Etats de l\u2019Afrique de l\u2019Ouest (CEDEAO), les 17 et 18 juin 2019, \u00e0 Abidjan, les jalons de la monnaie unique de l\u2019espace communautaire, ont \u00e9t\u00e9 pos\u00e9s. M\u00eame si, pour l\u2019heure, il n\u2019y a pas un agenda pr\u00e9cis, [&hellip;]<\/p>\n","protected":false},"author":1813,"featured_media":0,"comment_status":"closed","ping_status":"closed","sticky":false,"template":"","format":"standard","meta":{"fifu_image_url":"","fifu_image_alt":"","footnotes":""},"categories":[73,81],"tags":[],"class_list":["post-69367","post","type-post","status-publish","format-standard","hentry","category-actualite","category-burkina-faso"],"_links":{"self":[{"href":"https:\/\/linitiative.ca\/International\/wp-json\/wp\/v2\/posts\/69367","targetHints":{"allow":["GET"]}}],"collection":[{"href":"https:\/\/linitiative.ca\/International\/wp-json\/wp\/v2\/posts"}],"about":[{"href":"https:\/\/linitiative.ca\/International\/wp-json\/wp\/v2\/types\/post"}],"author":[{"embeddable":true,"href":"https:\/\/linitiative.ca\/International\/wp-json\/wp\/v2\/users\/1813"}],"replies":[{"embeddable":true,"href":"https:\/\/linitiative.ca\/International\/wp-json\/wp\/v2\/comments?post=69367"}],"version-history":[{"count":0,"href":"https:\/\/linitiative.ca\/International\/wp-json\/wp\/v2\/posts\/69367\/revisions"}],"wp:attachment":[{"href":"https:\/\/linitiative.ca\/International\/wp-json\/wp\/v2\/media?parent=69367"}],"wp:term":[{"taxonomy":"category","embeddable":true,"href":"https:\/\/linitiative.ca\/International\/wp-json\/wp\/v2\/categories?post=69367"},{"taxonomy":"post_tag","embeddable":true,"href":"https:\/\/linitiative.ca\/International\/wp-json\/wp\/v2\/tags?post=69367"}],"curies":[{"name":"wp","href":"https:\/\/api.w.org\/{rel}","templated":true}]}}