{"id":69368,"date":"2019-12-04T14:55:50","date_gmt":"2019-12-04T19:55:50","guid":{"rendered":"https:\/\/linitiative.ca\/International\/sommet-de-luemoa-a-dakar\/"},"modified":"2019-12-04T14:55:50","modified_gmt":"2019-12-04T19:55:50","slug":"sommet-de-luemoa-a-dakar","status":"publish","type":"post","link":"https:\/\/linitiative.ca\/International\/sommet-de-luemoa-a-dakar\/","title":{"rendered":"SOMMET DE L\u2019UEMOA A DAKAR"},"content":{"rendered":"<div class=\"stream-item stream-item-above-post-content\">\n<p><noscript><\/p>\n<p><a href=\"\/\/www3.smartadserver.com\/ac?jump=1&#038;nwid=2136&#038;siteid=240610&#038;pgname=rg&#038;fmtid=49046&#038;visit=m&#038;tmstp=[timestamp]&#038;out=nonrich\" target=\"_blank\" rel=\"noopener noreferrer\"><img decoding=\"async\" src=\"\/\/www3.smartadserver.com\/ac?out=nonrich&#038;nwid=2136&#038;siteid=240610&#038;pgname=rg&#038;fmtid=49046&#038;visit=m&#038;tmstp=[timestamp]\" border=\"0\" alt=\"\"\/><\/a><\/p>\n<p><\/noscript><\/div>\n<p>Le 3 d\u00e9cembre dernier,\u00a0 Dakar, la capitale s\u00e9n\u00e9galaise, \u00e9tait le centre d\u2019un sommet extraordinaire des chefs d\u2019Etat de l\u2019Union \u00e9conomique et mon\u00e9taire ouest-africaine (UEMOA). Au menu des\u00a0 \u00e9changes, la situation s\u00e9curitaire devenue critique dans la sous-r\u00e9gion. Quelques jours avant, ce sont les questions de dette et de d\u00e9veloppement dans un tel contexte, qui faisaient l\u2019objet d\u2019une rencontre de haut niveau, en pr\u00e9lude \u00e0 la conf\u00e9rence des chefs d\u2019Etat de l\u2019espace communautaire. Le moins que l\u2019on puisse dire, c\u2019est que la pertinence d\u2019un tel sommet ne saurait souffrir de d\u00e9bat, tant le th\u00e8me, dans le contexte actuel, cadre avec l\u2019actualit\u00e9. Car, au moment m\u00eame o\u00f9 les t\u00eates couronn\u00e9es de la r\u00e9gion se r\u00e9unissaient \u00e0 Dakar, les terroristes faisaient couler le sang au Burkina et au Mali, o\u00f9 respectivement une quinzaine de personnes p\u00e9rissaient dans l\u2019attaque d\u2019un lieu de culte \u00e0 Foutouri, dans l\u2019Est du Burkina, et au moins deux soldats sautaient sur un engin explosif improvis\u00e9 au Mali, qui a aussi fait des bless\u00e9s.<\/p>\n<p><strong>\u00a0<\/strong><\/p>\n<p><strong>Dakar valait le d\u00e9tour pour les chefs d\u2019Etat de l\u2019espace UEMOA<\/strong><\/p>\n<p><strong>\u00a0<\/strong><\/p>\n<p class=\"c3\">C\u2019est dire si face \u00e0 la gravit\u00e9 de l\u2019heure, des rencontres de haut niveau comme celle de Dakar, se justifient \u00e0 bien des \u00e9gards. D\u2019autant qu\u2019il est bien connu qu\u2019il n\u2019y a pas de d\u00e9veloppement sans s\u00e9curit\u00e9. Or, en plus de la situation s\u00e9curitaire d\u00e9l\u00e9t\u00e8re qui met d\u00e9j\u00e0 bien \u00e0 mal nos \u00e9conomies nationales, la plupart des pays de la sous-r\u00e9gion ploient sous le poids d\u2019une dette de plus en plus difficile \u00e0 supporter et qui, si rien n\u2019est fait, risque d\u2019an\u00e9antir les efforts de d\u00e9veloppement en raison du\u00a0 surendettement auquel sont expos\u00e9s ces pays\u00a0; ce qui pose le probl\u00e8me de la soutenabilit\u00e9 m\u00eame de la dette. Dakar valait donc le d\u00e9tour pour les chefs d\u2019Etat de l\u2019espace UEMOA. Car, c\u2019est l\u2019avenir des Etats de la r\u00e9gion qui est en jeu, sur le double plan \u00e9conomique et surtout s\u00e9curitaire. En cela, il est heureux de constater que les pr\u00e9occupations des dirigeants de l\u2019espace vont \u00e0 la recherche de solutions structurantes pour une rentabilisation maximale des investissements publics dans un contexte s\u00e9curitaire qui reste l\u2019un des d\u00e9fis majeurs \u00e0 relever. Mais cela serait vain sans une utilisation rationnelle des ressources de l\u2019Etat et une plus grande moralisation de la vie publique \u00e0 travers la lutte contre la corruption. C\u2019est dire si en la mati\u00e8re, nos chefs d\u2019Etat doivent aussi mettre un point d\u2019honneur \u00e0 balayer devant leur porte en nettoyant vigoureusement les \u00e9curies d\u2019Augias. Cela est d\u2019autant plus imp\u00e9ratif qu\u2019il n\u2019y a pas de stabilit\u00e9 politique ni \u00e9conomique sans s\u00e9curit\u00e9. Or, dans bien des cas, on a parfois le sentiment que les dirigeants qu\u2019ils sont, sont ceux-l\u00e0 m\u00eames qui cr\u00e9ent en premier les conditions de cette instabilit\u00e9 en permettant \u00e0 la graine de l\u2019ins\u00e9curit\u00e9, de bien pousser. Car, il faut bien le dire, en prenant parfois des libert\u00e9s avec la d\u00e9mocratie et les r\u00e8gles \u00e9l\u00e9mentaires de bonne gouvernance, certains chefs d\u2019Etat exposent non seulement leurs pays respectifs \u00e0 l\u2019incivisme et \u00e0 l\u2019indiscipline, mais aussi ils accentuent leur d\u00e9pendance vis-\u00e0-vis de l\u2019ext\u00e9rieur.\u00a0 Or, tant que l\u2019Afrique d\u00e9pendra de l\u2019aide ext\u00e9rieure, il sera difficile pour elle de prendre r\u00e9solument son destin en main.<\/p>\n<p><strong>\u00a0<\/strong><\/p>\n<p><strong>Continuer \u00e0 faire des pr\u00e9visions sur des promesses de financements qui n\u2019en finissent pas de se faire attendre, est \u00e0 la limite suicidaire pour nos Etats<\/strong><\/p>\n<p><strong>\u00a0<\/strong><\/p>\n<p class=\"c3\">Dans la lutte contre le terrorisme dans la bande sah\u00e9lo-saharienne par exemple, il n\u2019y a qu\u2019\u00e0 voir les effets induits des promesses non tenues de financement de certains partenaires pour se convaincre de la n\u00e9cessit\u00e9, pour les Africains, de changer de paradigme s\u2019ils veulent se donner des chances de sortir de l\u2019orni\u00e8re. En effet, continuer \u00e0 fonder des espoirs voire \u00e0 faire des pr\u00e9visions sur des promesses de financements qui n\u2019en finissent pas de se faire attendre, est \u00e0 la limite suicidaire pour nos Etats. C\u2019est pourquoi, sans faire dans un pessimisme de mauvais aloi, on peut en arriver \u00e0 se demander si ces promesses ne sont pas une fa\u00e7on d\u2019endormir la conscience des Africains pour qu\u2019ils ne prennent pas vite conscience de la n\u00e9cessit\u00e9 de compter sur leurs propres forces afin de s\u2019organiser en cons\u00e9quence. C\u2019est dire la n\u00e9cessit\u00e9, pour les Africains de fa\u00e7on g\u00e9n\u00e9rale et les pays de la sous-r\u00e9gion ouest-africaine en particulier,\u00a0 de sortir de la logique de la main tendue pour prendre de fa\u00e7on hardie, leur destin en main. Cela passera sans doute par des sacrifices parfois douloureux \u00e0 tous les niveaux. Mais c\u2019est \u00e0 ce prix que les Africains pourront esp\u00e9rer des lendemains meilleurs. Il est peut-\u00eatre temps d\u2019en prendre conscience. Autrement, la situation risque d\u2019\u00eatre intenable \u00e0 long terme aussi bien sur le plan \u00e9conomique que s\u00e9curitaire.<\/p>\n<p><strong>\u00a0<\/strong><\/p>\n<p><strong><em>\u00a0\u00ab\u00a0Le Pays\u00a0\u00bb<\/em><\/strong><\/p>\n<p><strong>\u00a0<\/strong><\/p>\n<p>Auteur: Le Pays<br \/>\n<a href=\"http:\/\/lepays.bf\/sommet-de-luemoa-a-dakar-2\/\">Cliquez ici pour lire l&rsquo;article depuis sa source.<\/a><\/p>\n","protected":false},"excerpt":{"rendered":"<p>Le 3 d\u00e9cembre dernier,\u00a0 Dakar, la capitale s\u00e9n\u00e9galaise, \u00e9tait le centre d\u2019un sommet extraordinaire des chefs d\u2019Etat de l\u2019Union \u00e9conomique et mon\u00e9taire ouest-africaine (UEMOA). Au menu des\u00a0 \u00e9changes, la situation s\u00e9curitaire devenue critique dans la sous-r\u00e9gion. Quelques jours avant, ce sont les questions de dette et de d\u00e9veloppement dans un tel contexte, qui faisaient l\u2019objet [&hellip;]<\/p>\n","protected":false},"author":1813,"featured_media":0,"comment_status":"closed","ping_status":"closed","sticky":false,"template":"","format":"standard","meta":{"fifu_image_url":"","fifu_image_alt":"","footnotes":""},"categories":[73,81],"tags":[],"class_list":["post-69368","post","type-post","status-publish","format-standard","hentry","category-actualite","category-burkina-faso"],"_links":{"self":[{"href":"https:\/\/linitiative.ca\/International\/wp-json\/wp\/v2\/posts\/69368","targetHints":{"allow":["GET"]}}],"collection":[{"href":"https:\/\/linitiative.ca\/International\/wp-json\/wp\/v2\/posts"}],"about":[{"href":"https:\/\/linitiative.ca\/International\/wp-json\/wp\/v2\/types\/post"}],"author":[{"embeddable":true,"href":"https:\/\/linitiative.ca\/International\/wp-json\/wp\/v2\/users\/1813"}],"replies":[{"embeddable":true,"href":"https:\/\/linitiative.ca\/International\/wp-json\/wp\/v2\/comments?post=69368"}],"version-history":[{"count":0,"href":"https:\/\/linitiative.ca\/International\/wp-json\/wp\/v2\/posts\/69368\/revisions"}],"wp:attachment":[{"href":"https:\/\/linitiative.ca\/International\/wp-json\/wp\/v2\/media?parent=69368"}],"wp:term":[{"taxonomy":"category","embeddable":true,"href":"https:\/\/linitiative.ca\/International\/wp-json\/wp\/v2\/categories?post=69368"},{"taxonomy":"post_tag","embeddable":true,"href":"https:\/\/linitiative.ca\/International\/wp-json\/wp\/v2\/tags?post=69368"}],"curies":[{"name":"wp","href":"https:\/\/api.w.org\/{rel}","templated":true}]}}