{"id":69372,"date":"2019-12-04T05:53:23","date_gmt":"2019-12-04T10:53:23","guid":{"rendered":"https:\/\/linitiative.ca\/International\/complexe-ecologique-po-nazinga-sissili-un-projet-de-preservation-presente-au-centre-sud\/"},"modified":"2019-12-04T05:53:23","modified_gmt":"2019-12-04T10:53:23","slug":"complexe-ecologique-po-nazinga-sissili-un-projet-de-preservation-presente-au-centre-sud","status":"publish","type":"post","link":"https:\/\/linitiative.ca\/International\/complexe-ecologique-po-nazinga-sissili-un-projet-de-preservation-presente-au-centre-sud\/","title":{"rendered":"Complexe \u00e9cologique P\u00f4-Nazinga-Sissili\u00a0: Un projet de pr\u00e9servation pr\u00e9sent\u00e9 au Centre-Sud"},"content":{"rendered":"<div class=\"td-post-featured-image\"><a href=\"https:\/\/i1.wp.com\/www.sidwaya.info\/wp-content\/uploads\/2019\/12\/1-9.jpg?fit=900%2C579&#038;ssl=1\" data-caption=\"\"><img loading=\"lazy\" decoding=\"async\" width=\"696\" height=\"448\" class=\"entry-thumb td-modal-image\" src=\"https:\/\/i1.wp.com\/www.sidwaya.info\/wp-content\/uploads\/2019\/12\/1-9.jpg?resize=696%2C448&#038;ssl=1\" srcset=\"https:\/\/i1.wp.com\/www.sidwaya.info\/wp-content\/uploads\/2019\/12\/1-9.jpg?w=900&#038;ssl=1 900w, https:\/\/i1.wp.com\/www.sidwaya.info\/wp-content\/uploads\/2019\/12\/1-9.jpg?resize=300%2C193&#038;ssl=1 300w, https:\/\/i1.wp.com\/www.sidwaya.info\/wp-content\/uploads\/2019\/12\/1-9.jpg?resize=768%2C494&#038;ssl=1 768w, https:\/\/i1.wp.com\/www.sidwaya.info\/wp-content\/uploads\/2019\/12\/1-9.jpg?resize=696%2C448&#038;ssl=1 696w, https:\/\/i1.wp.com\/www.sidwaya.info\/wp-content\/uploads\/2019\/12\/1-9.jpg?resize=653%2C420&#038;ssl=1 653w\" sizes=\"auto, (max-width: 696px) 100vw, 696px\" alt=\"\" title=\"1\"\/><\/a><\/div>\n<p><strong>Le Consortium Nitidae fili\u00e8res et territoires, Anges gardiens de la Nature (AGN), Conservation Justice et Naturama a pr\u00e9sent\u00e9, le mercredi 27 novembre 2019 \u00e0 Manga au cours d\u2019un atelier de \u2018\u2019sociabilisation\u2019\u2019,\u00a0 le Projet d\u2019appui \u00e0 l\u2019am\u00e9lioration du capital naturel du paysage P\u00f4-Nazinga-Sissili (PONASI) et l\u2019accroissement de la r\u00e9silience des communaut\u00e9s riveraines.<\/strong><\/p>\n<p>Le complexe\u00a0 \u00e9cologique P\u00f4-Nazinga-Sissili (PONASI), situ\u00e9 \u00e0 cheval dans les r\u00e9gions du Centre-sud et du Centre-ouest et regroupant le Parc national Kabor\u00e9 Tambi (PNKT) et ses deux corridors, la For\u00eat class\u00e9e et le Ranch de gibier de Nazinga, la for\u00eat class\u00e9e de Sissili ainsi que les Zones villageoises d\u2019int\u00e9r\u00eat cyn\u00e9g\u00e9tique (ZOVIC) et les terroirs villageois s\u2019y rattachant, accueille, depuis septembre 2019, un projet d\u00e9nomm\u00e9 \u00ab\u00a0<em>Appui \u00e0 l\u2019am\u00e9lioration du capital naturel du paysage PONASI et \u00e0 l\u2019accroissement de la r\u00e9silience des communaut\u00e9s riveraines<\/em>\u00a0\u00bb. Port\u00e9 par le consortium Nitidae fili\u00e8res et territoires, Anges gardiens de la Nature (AGN), Conservation Justice et Naturama, ledit projet a \u00e9t\u00e9 pr\u00e9sent\u00e9 \u00a0aux acteurs de la r\u00e9gion du Centre-sud au \u00a0cours d\u2019un atelier de \u2018\u2019sociabilisation\u2019\u2019 organis\u00e9 le mercredi 27 novembre 2019 \u00e0 Manga. La rencontre a r\u00e9uni une soixantaine de personnes compos\u00e9e d\u2019autorit\u00e9s administratives, locales et coutumi\u00e8res, de gestionnaires des aires prot\u00e9g\u00e9es du complexe PONASI, d\u2019organisations paysannes en p\u00e9riph\u00e9rie de Nazinga et du PNTK et des partenaires techniques et financiers. Les participants se sont impr\u00e9gn\u00e9s des contours du projet notamment ses objectifs, les activit\u00e9s envisag\u00e9es et les r\u00e9sultats attendus. Financ\u00e9 par l\u2019Union europ\u00e9enne pour un montant de plus de 1 milliard 80 millions de FCFA, sur une dur\u00e9e de trois ans, le projet PONASI ambitionne, selon le Repr\u00e9sentant pays de Nitidae fili\u00e8res et territoires, Jules Gaye \u00a0de r\u00e9duire la vuln\u00e9rabilit\u00e9 du complexe, appuyer l\u2019am\u00e9lioration de son capital naturel et accroitre la r\u00e9silience des communaut\u00e9s riveraines.<\/p>\n<p><strong>30 \u00e9co-gardes en appui aux agents des Eaux et for\u00eats<\/strong><\/p>\n<p>Concr\u00e8tement, a pr\u00e9cis\u00e9 M. Gaye, les activit\u00e9s \u00e0 mener seront r\u00e9parties en trois composantes que sont \u00ab\u00a0<em>la s\u00e9curisation et surveillance des aires prot\u00e9g\u00e9es cibl\u00e9es<\/em>\u00a0\u00bb, \u00ab\u00a0<em>le renforcement d\u2019activit\u00e9s g\u00e9n\u00e9ratrices de revenus \u00e0 travers des mod\u00e8les \u00e9conomiques inclusifs de valorisation de ressources naturelles au niveau territoire<\/em>\u00a0\u00bb et \u00ab\u00a0<em>l\u2019animation et concertation des cadres d\u2019\u00e9changes entre communaut\u00e9s riveraines et gestionnaires des aires prot\u00e9g\u00e9es<\/em>\u00a0\u00bb.<\/p>\n<p>Au titre des r\u00e9alisations, le Repr\u00e9sentant pays de Nitidae Fili\u00e8res et territoires a cit\u00e9, l\u2019am\u00e9nagement de 2 500 hectares de huit espaces forestiers pour la production de 4000 plants de Karit\u00e9, l\u2019ouverture et la mat\u00e9rialisation de pistes, les actions de sensibilisation au profit d\u2019acteurs locaux et nationaux. La formation de charbonniers, de producteurs de s\u00e9same et d\u2019\u00e9leveurs et le recrutement, la formation et l\u2019\u00e9quipement de 30 \u00e9co-gardes qui seront affect\u00e9s \u00e0 la surveillance des aires prot\u00e9g\u00e9es et \u00e0 la lutte anti-braconnage, etc. sont aussi au programme.<\/p>\n<p>Le mode et les crit\u00e8res de recrutement de ces auxiliaires de s\u00e9curit\u00e9 des aires prot\u00e9g\u00e9es ont d\u2019ailleurs fait l\u2019objet d\u2019\u00e9change au cours de l\u2019atelier. Sur la question, les participants ont souhait\u00e9, dans leurs recommandations, la prise en compte du genre et l\u2019instauration de phases \u00e9liminatoires dans le processus. Outre le sujet des \u00e9co-gardes, la s\u00e9curit\u00e9, les \u00e9ch\u00e9anciers des activit\u00e9s, le type de collaboration avec les services techniques et l\u2019implication effective des \u00e9lus locaux ont aliment\u00e9 les d\u00e9bats. Abordant une pr\u00e9occupation li\u00e9e \u00e0 l\u2019ins\u00e9curit\u00e9, en l\u2019occurrence dans les for\u00eats o\u00f9 trouvent refuge certains malfaiteurs, Jules Gaye a rassur\u00e9 que le projet compte \u00ab\u00a0<em>composer<\/em> <em>avec les Agents des eaux et for\u00eats pour une mise en \u0153uvre r\u00e9ussie de ses activit\u00e9s<\/em>\u00a0\u00bb. La directrice technique de Conservation justice, Julie Linchant, a aussi abond\u00e9 dans le m\u00eame sens, en ajoutant que le recrutement des \u00e9co-gardes constitue, par ricochet, une r\u00e9ponse au probl\u00e8me.\u00a0 \u00ab\u00a0<em>La surveillance par les \u00e9co-gardes est une action de s\u00e9curisation qui viendrait en appui \u00e0 celle des agents des Eaux et For\u00eats<\/em>\u00a0\u00bb, a-t-elle soulign\u00e9.<\/p>\n<p><img loading=\"lazy\" decoding=\"async\" class=\"alignnone wp-image-16966\" src=\"https:\/\/i1.wp.com\/www.sidwaya.info\/wp-content\/uploads\/2019\/12\/3-1.jpg?resize=563%2C360&#038;ssl=1\" alt=\"\" width=\"563\" height=\"360\" srcset=\"https:\/\/i1.wp.com\/www.sidwaya.info\/wp-content\/uploads\/2019\/12\/3-1.jpg?resize=300%2C192&#038;ssl=1 300w, https:\/\/i1.wp.com\/www.sidwaya.info\/wp-content\/uploads\/2019\/12\/3-1.jpg?resize=768%2C491&#038;ssl=1 768w, https:\/\/i1.wp.com\/www.sidwaya.info\/wp-content\/uploads\/2019\/12\/3-1.jpg?resize=696%2C445&#038;ssl=1 696w, https:\/\/i1.wp.com\/www.sidwaya.info\/wp-content\/uploads\/2019\/12\/3-1.jpg?resize=657%2C420&#038;ssl=1 657w, https:\/\/i1.wp.com\/www.sidwaya.info\/wp-content\/uploads\/2019\/12\/3-1.jpg?w=900&#038;ssl=1 900w\" sizes=\"auto, (max-width: 563px) 100vw, 563px\" data-recalc-dims=\"1\"\/><\/p>\n<p><strong>Satisfecit des b\u00e9n\u00e9ficiaires<\/strong><\/p>\n<p>L\u2019arriv\u00e9e du projet PONASI a \u00e9t\u00e9 positivement appr\u00e9ci\u00e9e par les acteurs du Centre-sud. La gouverneure de la r\u00e9gion, Josiane Kabr\u00e9, le directeur r\u00e9gional de l\u2019Environnement, de l\u2019Economie verte et du Changement climatique, Mo\u00efse Sya et le maire de la commune de Nob\u00e9r\u00e9, Joseph Zoungrana, ont trouv\u00e9 l\u2019initiative \u00ab\u00a0<em>salutaire<\/em>\u00a0\u00bb. \u00ab\u00a0<em>Nous accueillons ce projet avec une grande joie et un grand espoir parce que la for\u00eat est une richesse pour nous<\/em>\u00a0\u00bb, s\u2019est r\u00e9joui, pour sa part, M. Zoungrana. Anim\u00e9 lui aussi du m\u00eame sentiment, le directeur r\u00e9gional en charge de l\u2019environnement a traduit sa reconnaissance au consortium des quatre ONG porteuses du projet ainsi qu\u2019aux partenaires techniques et financiers, en particulier l\u2019Union europ\u00e9enne.<\/p>\n<p>Dans l\u2019optique de s\u2019approprier pleinement le projet PONASI, les participants \u00e0 l\u2019atelier de Manga ont, en fin de s\u00e9ance, d\u00e9cid\u00e9 de lui attribuer une d\u00e9nomination en langue locale. Ils ont convenu, \u00e0 cet effet, du nom Projet \u00ab\u00a0Dikw\u00ea ni weogo\u00a0\u00bb qui signifie litt\u00e9ralement Projet \u00ab\u00a0<em>Entretenons nos for\u00eats<\/em>\u00a0\u00bb.<\/p>\n<p><strong>Mamady ZANGO<\/strong><\/p>\n<p><strong>mzango18@gmail.com<\/strong><\/p>\n<div class=\"td-a-rec td-a-rec-id-content_bottom tdi_30_6e3 td_block_template_1\"><img loading=\"lazy\" decoding=\"async\" class=\"aligncenter size-full wp-image-9623\" src=\"https:\/\/www.sidwaya.info\/wp-content\/uploads\/2019\/06\/Projet-bannie%CC%80re-Orange-mobile.jpg\" alt=\"\" width=\"728\" height=\"81\"\/><\/div>\n<p>Auteur: Wamini SIDWAYA<br \/>\n<a href=\"https:\/\/www.sidwaya.info\/blog\/2019\/12\/04\/complexe-ecologique-po-nazinga-sissili-un-projet-de-preservation-presente-au-centre-sud\/\">Cliquez ici pour lire l&rsquo;article depuis sa source.<\/a><\/p>\n","protected":false},"excerpt":{"rendered":"<p>Le Consortium Nitidae fili\u00e8res et territoires, Anges gardiens de la Nature (AGN), Conservation Justice et Naturama a pr\u00e9sent\u00e9, le mercredi 27 novembre 2019 \u00e0 Manga au cours d\u2019un atelier de \u2018\u2019sociabilisation\u2019\u2019,\u00a0 le Projet d\u2019appui \u00e0 l\u2019am\u00e9lioration du capital naturel du paysage P\u00f4-Nazinga-Sissili (PONASI) et l\u2019accroissement de la r\u00e9silience des communaut\u00e9s riveraines. Le complexe\u00a0 \u00e9cologique P\u00f4-Nazinga-Sissili [&hellip;]<\/p>\n","protected":false},"author":1816,"featured_media":0,"comment_status":"closed","ping_status":"closed","sticky":false,"template":"","format":"standard","meta":{"fifu_image_url":"","fifu_image_alt":"","footnotes":""},"categories":[73,81],"tags":[],"class_list":["post-69372","post","type-post","status-publish","format-standard","hentry","category-actualite","category-burkina-faso"],"_links":{"self":[{"href":"https:\/\/linitiative.ca\/International\/wp-json\/wp\/v2\/posts\/69372","targetHints":{"allow":["GET"]}}],"collection":[{"href":"https:\/\/linitiative.ca\/International\/wp-json\/wp\/v2\/posts"}],"about":[{"href":"https:\/\/linitiative.ca\/International\/wp-json\/wp\/v2\/types\/post"}],"author":[{"embeddable":true,"href":"https:\/\/linitiative.ca\/International\/wp-json\/wp\/v2\/users\/1816"}],"replies":[{"embeddable":true,"href":"https:\/\/linitiative.ca\/International\/wp-json\/wp\/v2\/comments?post=69372"}],"version-history":[{"count":0,"href":"https:\/\/linitiative.ca\/International\/wp-json\/wp\/v2\/posts\/69372\/revisions"}],"wp:attachment":[{"href":"https:\/\/linitiative.ca\/International\/wp-json\/wp\/v2\/media?parent=69372"}],"wp:term":[{"taxonomy":"category","embeddable":true,"href":"https:\/\/linitiative.ca\/International\/wp-json\/wp\/v2\/categories?post=69372"},{"taxonomy":"post_tag","embeddable":true,"href":"https:\/\/linitiative.ca\/International\/wp-json\/wp\/v2\/tags?post=69372"}],"curies":[{"name":"wp","href":"https:\/\/api.w.org\/{rel}","templated":true}]}}