{"id":69373,"date":"2019-12-04T07:19:05","date_gmt":"2019-12-04T12:19:05","guid":{"rendered":"https:\/\/linitiative.ca\/International\/postes-electifs-et-nominatifs-la-coordination-pypa-burkina-plaide-pour-30-de-jeunes\/"},"modified":"2019-12-04T07:19:05","modified_gmt":"2019-12-04T12:19:05","slug":"postes-electifs-et-nominatifs-la-coordination-pypa-burkina-plaide-pour-30-de-jeunes","status":"publish","type":"post","link":"https:\/\/linitiative.ca\/International\/postes-electifs-et-nominatifs-la-coordination-pypa-burkina-plaide-pour-30-de-jeunes\/","title":{"rendered":"Postes \u00e9lectifs et nominatifs\u00a0:La Coordination PYPA-Burkina plaide pour 30% de jeunes  \u00a0"},"content":{"rendered":"<div class=\"td-post-featured-image\"><a href=\"https:\/\/i1.wp.com\/www.sidwaya.info\/wp-content\/uploads\/2019\/12\/1-10.jpg?fit=900%2C675&#038;ssl=1\" data-caption=\"\"><img loading=\"lazy\" decoding=\"async\" width=\"696\" height=\"522\" class=\"entry-thumb td-modal-image\" src=\"https:\/\/i1.wp.com\/www.sidwaya.info\/wp-content\/uploads\/2019\/12\/1-10.jpg?resize=696%2C522&#038;ssl=1\" srcset=\"https:\/\/i1.wp.com\/www.sidwaya.info\/wp-content\/uploads\/2019\/12\/1-10.jpg?w=900&#038;ssl=1 900w, https:\/\/i1.wp.com\/www.sidwaya.info\/wp-content\/uploads\/2019\/12\/1-10.jpg?resize=300%2C225&#038;ssl=1 300w, https:\/\/i1.wp.com\/www.sidwaya.info\/wp-content\/uploads\/2019\/12\/1-10.jpg?resize=768%2C576&#038;ssl=1 768w, https:\/\/i1.wp.com\/www.sidwaya.info\/wp-content\/uploads\/2019\/12\/1-10.jpg?resize=696%2C522&#038;ssl=1 696w, https:\/\/i1.wp.com\/www.sidwaya.info\/wp-content\/uploads\/2019\/12\/1-10.jpg?resize=560%2C420&#038;ssl=1 560w, https:\/\/i1.wp.com\/www.sidwaya.info\/wp-content\/uploads\/2019\/12\/1-10.jpg?resize=80%2C60&#038;ssl=1 80w, https:\/\/i1.wp.com\/www.sidwaya.info\/wp-content\/uploads\/2019\/12\/1-10.jpg?resize=265%2C198&#038;ssl=1 265w\" sizes=\"auto, (max-width: 696px) 100vw, 696px\" alt=\"\" title=\"1\"\/><\/a><\/div>\n<p><strong>La Coordination du Burkina Faso du Program for young politicians in Africa (Programme pour les jeunes politiciens en Afrique), ex\u00e9cut\u00e9 par la Fondation Internationale du Parti du Centre su\u00e9dois (CIS) et l\u2019Isntitut Tiemoko Marc Garango pour la Gouvernance et le D\u00e9veloppement (IGD), a organis\u00e9 le vendredi 29 novembre 2019 \u00e0 Ouagadougou, un atelier d\u2019amendement et d\u2019adoption de l\u2019avant-projet de loi portant quota de jeunes \u00e0 \u00e9galit\u00e9 genre dans les processus \u00e9lectoraux et les postes nominatifs.<\/strong><\/p>\n<p><strong>\u00a0\u00a0<\/strong><\/p>\n<p>Avant-garde dans tous les combats pour le d\u00e9veloppement de la soci\u00e9t\u00e9, les jeunes sont souvent mis en marge dans les processus \u00e9lectoraux. C\u2019est pour accroitre la participation et l\u2019influence des jeunes en politique et dans la soci\u00e9t\u00e9 mais aussi, dans le sens de consolider la d\u00e9mocratie et les droits humains que les jeunes \u00e0 travers Program for young politician in Africa (Programme pour jeunes politiciens en Afrique) (PYPA) veut soumettre \u00e0 l\u2019appr\u00e9ciation des \u00e9lus nationaux une loi sur le quota jeunes \u00e0 \u00e9galit\u00e9 genre. Ainsi venus de six partis politiques (MPP, NTD, ADF-RDA, UNIR-PS, UPC, CDP), ils se sont retrouv\u00e9s dans la salle des f\u00eates de la mairie de l\u2019arrondissement n\u00b05 de Ouagadougou pour accorder leurs violons. Selon le Coordonnateur 2019 du PYPA, Jean Nacoulma,\u00a0 cet atelier d\u2019amendement et d\u2019adoption de l\u2019avant-projet de loi portant quota de jeunes \u00e0 \u00e9galit\u00e9 genre aux \u00e9lections l\u00e9gislatives, municipales et aux postes nominatifs au Burkina Faso vise \u00e0 obtenir des l\u00e9gislateurs, l\u2019aval pour une repr\u00e9sentation de 30% de jeunes sur les listes \u00e9lectorales qu\u2019elles soient \u00e9lectives ou nominatives au Burkina Faso. <em>\u00ab\u00a0C\u2019est vrai que les jeunes doivent se battre pour s\u2019imposer en politique mais d\u00e9j\u00e0 ce sont les jeunes qui se battent pour donner cette image de d\u00e9mocratie au pays. Et pour la cas du Burkina Faso\u00a0 o\u00f9 la moiti\u00e9 de la population est\u00a0 jeune, il faut que ces derniers puissent prendre \u00e0 bras le corps leur destin\u00a0\u00bb<\/em>, a soulign\u00e9 M. Nacoulma. Pour lui, ce combat de longue haleine ne peut \u00eatre gagn\u00e9 que si les principaux concern\u00e9s sont conscients de leur r\u00f4le dans le d\u00e9veloppement de leur nation. <em>\u00ab\u00a0Lorsque cet avant-projet de loi sera entre les mains du pr\u00e9sident de l\u2019Assembl\u00e9e nationale, nous allons rentrer dans une autres phase qui est le suivi, la sensibilisation et les plaidoyers aupr\u00e8s des partis politiques afin d\u2019avoir leur total adh\u00e9sion pour que les ann\u00e9es \u00e0 venir cela puisse \u00eatre une r\u00e9alit\u00e9\u00a0\u00bb<\/em>, rassure-t-il. Constitu\u00e9 de trois titres, cinq chapitres et dix-sept articles, cette loi une fois vot\u00e9e va voir la cr\u00e9ation d\u2019un fonds sp\u00e9cial destin\u00e9 \u00e0 faciliter sa mise en \u0153uvre. Elle va \u00e9galement contraindre les partis politiques \u00e0 prendre des dispositions n\u00e9cessaires \u00e0 son application gr\u00e2ce aux sanctions impos\u00e9es. Pour le d\u00e9put\u00e9 Bienvenue Bakyono, cet avant-projet de loi qui est port\u00e9 par les jeunes m\u00e9rite le soutien de tous. D\u2019o\u00f9 leur pr\u00e9sence \u00e0 leur c\u00f4t\u00e9 en vue de parfaire le document. <em>\u00ab\u00a0La politique est l\u2019affaire de tout citoyen qu\u2019il soit \u00e9lecteur ou \u00e9lu, il doit contribuer \u00e0 la vie politique parce que c\u2019est la politique qui organise la vie de la soci\u00e9t\u00e9 donc chaque personne doit \u00eatre impliqu\u00e9e dans l\u2019\u00e9laboration des lois d\u2019une mani\u00e8re ou d\u2019une autre\u00a0\u00bb<\/em>, a affirm\u00e9 l\u2019honorable Bakyono. De nos jours, seulement 1\/127 d\u00e9put\u00e9s a moins de 36 ans, juste quelques-uns sont \u00e0 la t\u00eate\u00a0 des communes et aucun dans le gouvernement.<\/p>\n<p><img loading=\"lazy\" decoding=\"async\" class=\"alignnone wp-image-16974\" src=\"https:\/\/i0.wp.com\/www.sidwaya.info\/wp-content\/uploads\/2019\/12\/2-1.jpg?resize=495%2C371&#038;ssl=1\" alt=\"\" width=\"495\" height=\"371\" srcset=\"https:\/\/i0.wp.com\/www.sidwaya.info\/wp-content\/uploads\/2019\/12\/2-1.jpg?resize=300%2C225&#038;ssl=1 300w, https:\/\/i0.wp.com\/www.sidwaya.info\/wp-content\/uploads\/2019\/12\/2-1.jpg?resize=768%2C576&#038;ssl=1 768w, https:\/\/i0.wp.com\/www.sidwaya.info\/wp-content\/uploads\/2019\/12\/2-1.jpg?resize=696%2C522&#038;ssl=1 696w, https:\/\/i0.wp.com\/www.sidwaya.info\/wp-content\/uploads\/2019\/12\/2-1.jpg?resize=560%2C420&#038;ssl=1 560w, https:\/\/i0.wp.com\/www.sidwaya.info\/wp-content\/uploads\/2019\/12\/2-1.jpg?resize=80%2C60&#038;ssl=1 80w, https:\/\/i0.wp.com\/www.sidwaya.info\/wp-content\/uploads\/2019\/12\/2-1.jpg?resize=265%2C198&#038;ssl=1 265w, https:\/\/i0.wp.com\/www.sidwaya.info\/wp-content\/uploads\/2019\/12\/2-1.jpg?w=900&#038;ssl=1 900w\" sizes=\"auto, (max-width: 495px) 100vw, 495px\" data-recalc-dims=\"1\"\/><\/p>\n<p>Depuis 2012, la Fondation Internationale du Parti du Centre su\u00e9dois (CIS) et l\u2019Isntitut Tiemoko Garango pour la Gouvernance et le D\u00e9veloppement (IGD) bas\u00e9 au Burkina Faso, mettent en \u0153uvre PYPA (Program for Young Politicians in Africa) en Afrique de l\u2019Ouest. PYPA est un programme novateur de renforcement de capacit\u00e9s des jeunes leaders politiques en Afrique, financ\u00e9 par l\u2019Agence Su\u00e9doise de Coop\u00e9ration au D\u00e9veloppement International (ASDI). L\u2019objectif de PYPA est d\u2019accroitre la participation et l\u2019influence des jeunes en politique et dans la soci\u00e9t\u00e9, dans le sens de la consolidation de la d\u00e9mocratie et des droits humains. Le programme pr\u00e9pare les jeunes \u00e0 assumer leur r\u00f4le de leader dans la construction de la d\u00e9mocratie, de l\u2019\u00e9galit\u00e9 des sexes, et de la bonne gouvernance. Il permet ainsi d\u2019accroitre leur influence dans leurs partis politiques respectifs de mani\u00e8re g\u00e9n\u00e9rale.<\/p>\n<p><strong>Donald Wendpouir\u00e9 NIKIEMA<\/strong><\/p>\n<div class=\"td-a-rec td-a-rec-id-content_bottom tdi_30_56e td_block_template_1\"><img loading=\"lazy\" decoding=\"async\" class=\"aligncenter size-full wp-image-9623\" src=\"https:\/\/www.sidwaya.info\/wp-content\/uploads\/2019\/06\/Projet-bannie%CC%80re-Orange-mobile.jpg\" alt=\"\" width=\"728\" height=\"81\"\/><\/div>\n<p>Auteur: Wamini SIDWAYA<br \/>\n<a href=\"https:\/\/www.sidwaya.info\/blog\/2019\/12\/04\/postes-electifs-et-nominatifs\/\">Cliquez ici pour lire l&rsquo;article depuis sa source.<\/a><\/p>\n","protected":false},"excerpt":{"rendered":"<p>La Coordination du Burkina Faso du Program for young politicians in Africa (Programme pour les jeunes politiciens en Afrique), ex\u00e9cut\u00e9 par la Fondation Internationale du Parti du Centre su\u00e9dois (CIS) et l\u2019Isntitut Tiemoko Marc Garango pour la Gouvernance et le D\u00e9veloppement (IGD), a organis\u00e9 le vendredi 29 novembre 2019 \u00e0 Ouagadougou, un atelier d\u2019amendement et [&hellip;]<\/p>\n","protected":false},"author":1816,"featured_media":0,"comment_status":"closed","ping_status":"closed","sticky":false,"template":"","format":"standard","meta":{"fifu_image_url":"","fifu_image_alt":"","footnotes":""},"categories":[73,81],"tags":[],"class_list":["post-69373","post","type-post","status-publish","format-standard","hentry","category-actualite","category-burkina-faso"],"_links":{"self":[{"href":"https:\/\/linitiative.ca\/International\/wp-json\/wp\/v2\/posts\/69373","targetHints":{"allow":["GET"]}}],"collection":[{"href":"https:\/\/linitiative.ca\/International\/wp-json\/wp\/v2\/posts"}],"about":[{"href":"https:\/\/linitiative.ca\/International\/wp-json\/wp\/v2\/types\/post"}],"author":[{"embeddable":true,"href":"https:\/\/linitiative.ca\/International\/wp-json\/wp\/v2\/users\/1816"}],"replies":[{"embeddable":true,"href":"https:\/\/linitiative.ca\/International\/wp-json\/wp\/v2\/comments?post=69373"}],"version-history":[{"count":0,"href":"https:\/\/linitiative.ca\/International\/wp-json\/wp\/v2\/posts\/69373\/revisions"}],"wp:attachment":[{"href":"https:\/\/linitiative.ca\/International\/wp-json\/wp\/v2\/media?parent=69373"}],"wp:term":[{"taxonomy":"category","embeddable":true,"href":"https:\/\/linitiative.ca\/International\/wp-json\/wp\/v2\/categories?post=69373"},{"taxonomy":"post_tag","embeddable":true,"href":"https:\/\/linitiative.ca\/International\/wp-json\/wp\/v2\/tags?post=69373"}],"curies":[{"name":"wp","href":"https:\/\/api.w.org\/{rel}","templated":true}]}}