{"id":69376,"date":"2019-12-04T16:18:07","date_gmt":"2019-12-04T21:18:07","guid":{"rendered":"https:\/\/linitiative.ca\/International\/douala-bollore-gagne-aux-points-en-justice-contre-lautorite-portuaire\/"},"modified":"2019-12-04T16:18:07","modified_gmt":"2019-12-04T21:18:07","slug":"douala-bollore-gagne-aux-points-en-justice-contre-lautorite-portuaire","status":"publish","type":"post","link":"https:\/\/linitiative.ca\/International\/douala-bollore-gagne-aux-points-en-justice-contre-lautorite-portuaire\/","title":{"rendered":"Douala : Bollor\u00e9 gagne aux points en justice contre l\u2019Autorit\u00e9 portuaire"},"content":{"rendered":"<div readability=\"32\">\n<p>Publi\u00e9 le 04.12.2019 \u00e0 22h18 par APA News<\/p>\n<\/div>\n<div readability=\"64\">\n<p>La chambre administrative de la Cour supr\u00eame du Cameroun a, mercredi en fin de journ\u00e9e, rejet\u00e9 le pourvoi en cassation form\u00e9 par le Port autonome de Douala (PAD), la m\u00e9tropole \u00e9conomique, au sujet de l\u2019\u00e9viction irr\u00e9guli\u00e8re du consortium franco-danois Bollor\u00e9-Maerks (APMT) de l\u2019exploitation du terminal \u00e0 conteneurs, a appris APA de source judiciaire.Le 25 octobre dernier, le pr\u00e9sident Paul Biya avait, en attendant l\u2019aboutissement des proc\u00e9dures judiciaires engag\u00e9es par le groupement, exer\u00e7ant dans le pays sous le label de Douala International Terminal (DIT), suspendu l\u2019attribution \u00e0 compter du 1er janvier prochain de l\u2019exploitation dudit terminal \u00e0 l\u2019op\u00e9rateur italo-suisse Terminal Investment Limited (TIL).\u00a0<\/p>\n<p>APMT avait, au d\u00e9part, saisi les tribunaux comp\u00e9tents pour d\u00e9noncer sa mise \u00e0 l\u2019\u00e9cart de la phase de pr\u00e9-qualification pour le recrutement d\u2019un nouvel op\u00e9rateur dans cette plateforme, o\u00f9 il exerce depuis 2005. Par la suite, le groupe Bollor\u00e9 avait saisi le chef de l\u2019\u00c9tat camerounais en vue de solliciter son arbitrage sur des \u00abtraitements injustes\u00bb, subis de la part du PAD, souhaitant par ailleurs la reprise de l\u2019appel \u00e0 s\u00e9lection \u00absur une base \u00e9quitable\u00bb.\u00a0<\/p>\n<p>Ces derniers jours, dans la perspective du d\u00e9part de l\u2019exploitant, en outre soup\u00e7onn\u00e9 de vouloir \u00absaboter\u00bb les r\u00e9seaux informatiques avant de plier bagages, l\u2019Autorit\u00e9 portuaire avait r\u00e9quisitionn\u00e9 des dizaines d\u2019\u00e9l\u00e9ments de la gendarmerie et de la police, transformant du coup la zone en un camp sous couvre-feu.<\/p>\n<\/div>\n<p>Auteur: APA News<br \/>\n<a href=\"https:\/\/www.journalducameroun.com\/douala-bollore-gagne-aux-points-en-justice-contre-lautorite-portuaire\/\">Cliquez ici pour lire l&rsquo;article depuis sa source.<\/a><\/p>\n","protected":false},"excerpt":{"rendered":"<p>Publi\u00e9 le 04.12.2019 \u00e0 22h18 par APA News La chambre administrative de la Cour supr\u00eame du Cameroun a, mercredi en fin de journ\u00e9e, rejet\u00e9 le pourvoi en cassation form\u00e9 par le Port autonome de Douala (PAD), la m\u00e9tropole \u00e9conomique, au sujet de l\u2019\u00e9viction irr\u00e9guli\u00e8re du consortium franco-danois Bollor\u00e9-Maerks (APMT) de l\u2019exploitation du terminal \u00e0 conteneurs, [&hellip;]<\/p>\n","protected":false},"author":1965,"featured_media":0,"comment_status":"closed","ping_status":"closed","sticky":false,"template":"","format":"standard","meta":{"fifu_image_url":"","fifu_image_alt":"","footnotes":""},"categories":[73,82],"tags":[],"class_list":["post-69376","post","type-post","status-publish","format-standard","hentry","category-actualite","category-cameroun"],"_links":{"self":[{"href":"https:\/\/linitiative.ca\/International\/wp-json\/wp\/v2\/posts\/69376","targetHints":{"allow":["GET"]}}],"collection":[{"href":"https:\/\/linitiative.ca\/International\/wp-json\/wp\/v2\/posts"}],"about":[{"href":"https:\/\/linitiative.ca\/International\/wp-json\/wp\/v2\/types\/post"}],"author":[{"embeddable":true,"href":"https:\/\/linitiative.ca\/International\/wp-json\/wp\/v2\/users\/1965"}],"replies":[{"embeddable":true,"href":"https:\/\/linitiative.ca\/International\/wp-json\/wp\/v2\/comments?post=69376"}],"version-history":[{"count":0,"href":"https:\/\/linitiative.ca\/International\/wp-json\/wp\/v2\/posts\/69376\/revisions"}],"wp:attachment":[{"href":"https:\/\/linitiative.ca\/International\/wp-json\/wp\/v2\/media?parent=69376"}],"wp:term":[{"taxonomy":"category","embeddable":true,"href":"https:\/\/linitiative.ca\/International\/wp-json\/wp\/v2\/categories?post=69376"},{"taxonomy":"post_tag","embeddable":true,"href":"https:\/\/linitiative.ca\/International\/wp-json\/wp\/v2\/tags?post=69376"}],"curies":[{"name":"wp","href":"https:\/\/api.w.org\/{rel}","templated":true}]}}