{"id":69377,"date":"2019-12-04T16:50:03","date_gmt":"2019-12-04T21:50:03","guid":{"rendered":"https:\/\/linitiative.ca\/International\/sundar-pichai-lingenieur-dorigine-indienne-a-la-tete-de-la-multinationale-alphabet\/"},"modified":"2019-12-04T16:50:03","modified_gmt":"2019-12-04T21:50:03","slug":"sundar-pichai-lingenieur-dorigine-indienne-a-la-tete-de-la-multinationale-alphabet","status":"publish","type":"post","link":"https:\/\/linitiative.ca\/International\/sundar-pichai-lingenieur-dorigine-indienne-a-la-tete-de-la-multinationale-alphabet\/","title":{"rendered":"Sundar Pichai, l\u2019ing\u00e9nieur d\u2019origine indienne \u00e0 la t\u00eate de la multinationale Alphabet"},"content":{"rendered":"<div readability=\"32\">\n<p>Publi\u00e9 le 04.12.2019 \u00e0 22h50 par AFP<\/p>\n<\/div>\n<div readability=\"157\">\n<p>Sundar Pichai, l\u2019ing\u00e9nieur qui vient de prendre les r\u00eanes d\u2019Alphabet, la maison m\u00e8re de Google, rejoint le cercle grandissant des patrons de multinationales am\u00e9ricaines d\u2019origine indienne \u00e0 un moment \u00e9pineux pour la Silicon Valley.<\/p>\n<p>Voix pos\u00e9e, barbe taill\u00e9e, lunettes rectangulaires, physique affut\u00e9, le nouveau dirigeant du g\u00e9ant de l\u2019informatique, 47 ans, a grandi \u00e0 Chennai, dans le sud de l\u2019Inde, dans une famille modeste o\u00f9 il dormait \u00e0 m\u00eame le sol du salon.<\/p>\n<p>\u00ab\u00a0Des amis, jouer au cricket dans la rue, lire des livres \u2013 c\u2019\u00e9tait toute ma vie. Mais je n\u2019ai jamais eu l\u2019impression de manquer de quoi que ce soit\u00a0\u00bb, racontait-il dans une interview au New York Times fin 2018.<\/p>\n<p>Lecteur vorace pendant son enfance, il a \u00e9tudi\u00e9 \u00e0 l\u2019Institut indien de technologies Kharagpur, dans le Bengale occidental, avant de poursuivre ses \u00e9tudes aux Etats-Unis, \u00e0 l\u2019universit\u00e9 californienne de Stanford puis \u00e0 la Wharton School, en Pennsylvanie.<\/p>\n<p>Apr\u00e8s avoir d\u00e9but\u00e9 sa carri\u00e8re chez le fournisseur d\u2019\u00e9quipements et de services pour des fabricants d\u2019\u00e9lectroniques Applied Materials puis chez le cabinet de conseil McKinsey, il entre chez Google en 2004.<\/p>\n<p>Il y participe notamment au d\u00e9veloppement du populaire navigateur Chrome avant d\u2019\u00eatre charg\u00e9 de tous les produits du groupe, comme le service de cartographie Google Maps ou le syst\u00e8me d\u2019exploitation Android.<\/p>\n<p>Sundar Pichai est propuls\u00e9 \u00e0 la t\u00eate de Google en 2015 quand ses deux co-fondateurs Sergey Brin et Larry Page d\u00e9cident de cr\u00e9er Alphabet, une entit\u00e9 plus large englobant \u00e9galement des projets annexes comme les voitures autonomes. Il rejoint le conseil d\u2019administration de la maison m\u00e8re en 2017 avant d\u2019en \u00eatre nomm\u00e9 directeur g\u00e9n\u00e9ral mardi.<\/p>\n<p>\u2013 \u2018Humilit\u00e9 et passion\u2019 \u2013<\/p>\n<p>Cet adepte des baskets de ville Lanvin s\u2019inscrit ainsi dans les traces d\u2019autres dirigeants am\u00e9ricains d\u2019origine indienne dans le secteur informatique comme Satya Nadella chez Microsoft, Shantanu Narayen chez Adobe Systems ou Sanjay Mehrotra chez Micron Technology.<\/p>\n<p>L\u2019\u00e9metteur de cartes de cr\u00e9dit Mastercard est \u00e9galement dirig\u00e9 par Ajaypal Singh Banga tandis que le groupe connu pour ses snacks et sodas Pepsico a longtemps \u00e9t\u00e9 men\u00e9 par Indra Nooyi.<\/p>\n<p>Le milliardaire indien Anand Mahindra, dont l\u2019empire s\u2019\u00e9tend des voitures \u00e0 l\u2019immobilier, a f\u00e9licit\u00e9 mercredi Sundar Pichai sur Twitter, soulignant avec humour que \u00ab\u00a0le produit que l\u2019Inde exporte le mieux est probablement +le patron de multinationale+\u00a0\u00bb.<\/p>\n<p>\u00ab\u00a0Si seulement on pouvait mon\u00e9tiser ces +exportations+, l\u2019Inde aurait un exc\u00e9dent perp\u00e9tuel de balance des paiements\u00a0\u00bb, a-t-il ajout\u00e9.<\/p>\n<p>\u00ab\u00a0Sundar apporte de l\u2019humilit\u00e9 et une grande passion pour la technologie \u00e0 nos utilisateurs, \u00e0 nos partenaires et \u00e0 nos employ\u00e9s au quotidien\u00a0\u00bb, \u00e9crivent Mrs Brin et Page dans la lettre annon\u00e7ant le changement \u00e0 la t\u00eate de leur entreprise, cr\u00e9\u00e9e dans un garage en 1998. \u00ab\u00a0Nous n\u2019aurions pas pu trouver mieux pour mener Google et Alphabet vers l\u2019avenir\u00a0\u00bb, ajoutent les deux entrepreneurs, peu pr\u00e9sents depuis plusieurs ann\u00e9es dans la vie quotidenne de l\u2019entreprise mais gardant toujours, gr\u00e2ce \u00e0 leurs actions pr\u00e9f\u00e9rentielles, la main haute sur les d\u00e9cisions strat\u00e9giques.<\/p>\n<p>Sous la houlette de M. Pichai, mari\u00e9 et p\u00e8re de deux enfants, Google \u00ab\u00a0s\u2019est concentr\u00e9 sur le d\u00e9veloppement de produits et services, optimis\u00e9s par les derni\u00e8res avanc\u00e9es en mati\u00e8re d\u2019intelligence artificielle\u00a0\u00bb, a rappel\u00e9 mardi le groupe dans une pr\u00e9sentation de son travail.<\/p>\n<p>Google a aussi \u00ab\u00a0investi dans de nouvelles opportunit\u00e9s, telles que Google Cloud et YouTube, et continue d\u2019\u00eatre un chef de file des technologies de pointe, notamment l\u2019apprentissage automatique et l\u2019informatique quantique\u00a0\u00bb, y est-il ajout\u00e9.<\/p>\n<p>\u00ab\u00a0Il est tr\u00e8s intelligent et tr\u00e8s comp\u00e9tent, il a une attitude tr\u00e8s discr\u00e8te et mesur\u00e9e\u00a0\u00bb, estime Bob O\u2019Donnell, analyste chez Technalysis Research pour qui il repr\u00e9sente une certaine \u00ab\u00a0force tranquille\u00a0\u00bb. Mais il va devoir, selon l\u2019expert, s\u2019attaquer frontalement \u00e0 certaines probl\u00e9matiques.<\/p>\n<p>M. Pichai doit en effet faire face aux nombreuses controverses entourant actuellement Alphabet, depuis sa position dominante sur internet, ses pratiques en termes de protection de la vie priv\u00e9e, ses relations avec les gouvernements am\u00e9ricains ou chinois jusqu\u2019aux reproches de plus en plus vindicatifs de salari\u00e9s sur des sujets comme le harc\u00e8lement sexuel.<\/p>\n<p>\u00ab\u00a0Quand je suis arriv\u00e9 \u00e0 Google j\u2019ai \u00e9t\u00e9 frapp\u00e9 par l\u2019id\u00e9alisme et l\u2019optimisme qui y r\u00e9gnait\u00a0\u00bb, soulignait-il dans l\u2019interview au New York Times. Si ces traits sont toujours pr\u00e9sents, \u00ab\u00a0le monde est diff\u00e9rent\u00a0\u00bb, ajoutait-il. \u00ab\u00a0Peut-\u00eatre est-on devenu plus r\u00e9aliste sur la difficult\u00e9 de certaines choses.\u00a0\u00bb<\/p>\n<\/div>\n<p>Auteur: AFP<br \/>\n<a href=\"https:\/\/www.journalducameroun.com\/sundar-pichai-lingenieur-dorigine-indienne-a-la-tete-de-la-multinationale-alphabet\/\">Cliquez ici pour lire l&rsquo;article depuis sa source.<\/a><\/p>\n","protected":false},"excerpt":{"rendered":"<p>Publi\u00e9 le 04.12.2019 \u00e0 22h50 par AFP Sundar Pichai, l\u2019ing\u00e9nieur qui vient de prendre les r\u00eanes d\u2019Alphabet, la maison m\u00e8re de Google, rejoint le cercle grandissant des patrons de multinationales am\u00e9ricaines d\u2019origine indienne \u00e0 un moment \u00e9pineux pour la Silicon Valley. Voix pos\u00e9e, barbe taill\u00e9e, lunettes rectangulaires, physique affut\u00e9, le nouveau dirigeant du g\u00e9ant de [&hellip;]<\/p>\n","protected":false},"author":1965,"featured_media":0,"comment_status":"closed","ping_status":"closed","sticky":false,"template":"","format":"standard","meta":{"fifu_image_url":"","fifu_image_alt":"","footnotes":""},"categories":[73,82],"tags":[],"class_list":["post-69377","post","type-post","status-publish","format-standard","hentry","category-actualite","category-cameroun"],"_links":{"self":[{"href":"https:\/\/linitiative.ca\/International\/wp-json\/wp\/v2\/posts\/69377","targetHints":{"allow":["GET"]}}],"collection":[{"href":"https:\/\/linitiative.ca\/International\/wp-json\/wp\/v2\/posts"}],"about":[{"href":"https:\/\/linitiative.ca\/International\/wp-json\/wp\/v2\/types\/post"}],"author":[{"embeddable":true,"href":"https:\/\/linitiative.ca\/International\/wp-json\/wp\/v2\/users\/1965"}],"replies":[{"embeddable":true,"href":"https:\/\/linitiative.ca\/International\/wp-json\/wp\/v2\/comments?post=69377"}],"version-history":[{"count":0,"href":"https:\/\/linitiative.ca\/International\/wp-json\/wp\/v2\/posts\/69377\/revisions"}],"wp:attachment":[{"href":"https:\/\/linitiative.ca\/International\/wp-json\/wp\/v2\/media?parent=69377"}],"wp:term":[{"taxonomy":"category","embeddable":true,"href":"https:\/\/linitiative.ca\/International\/wp-json\/wp\/v2\/categories?post=69377"},{"taxonomy":"post_tag","embeddable":true,"href":"https:\/\/linitiative.ca\/International\/wp-json\/wp\/v2\/tags?post=69377"}],"curies":[{"name":"wp","href":"https:\/\/api.w.org\/{rel}","templated":true}]}}