{"id":69378,"date":"2019-12-04T16:50:05","date_gmt":"2019-12-04T21:50:05","guid":{"rendered":"https:\/\/linitiative.ca\/International\/ile-de-france-quelques-cars-macron-a-la-rescousse-pendant-la-greve\/"},"modified":"2019-12-04T16:50:05","modified_gmt":"2019-12-04T21:50:05","slug":"ile-de-france-quelques-cars-macron-a-la-rescousse-pendant-la-greve","status":"publish","type":"post","link":"https:\/\/linitiative.ca\/International\/ile-de-france-quelques-cars-macron-a-la-rescousse-pendant-la-greve\/","title":{"rendered":"Ile-de-France: quelques \u00ab\u00a0cars Macron\u00a0\u00bb \u00e0 la rescousse pendant la gr\u00e8ve"},"content":{"rendered":"<div readability=\"32\">\n<p>Publi\u00e9 le 04.12.2019 \u00e0 22h50 par AFP<\/p>\n<\/div>\n<div readability=\"142\">\n<p>Quelques \u00ab\u00a0cars Macron\u00a0\u00bb devraient venir renforcer vendredi les transports publics d\u2019Ile-de-France, tr\u00e8s affect\u00e9s \u00e0 partir de jeudi par la gr\u00e8ve contre la r\u00e9forme des retraite.<\/p>\n<p>\u00ab\u00a0Ceux qu\u2019on appelle les +cars Macron+ pourront circuler demain (jeudi) entre Saint-Denis et Massy en desservant Paris intra-muros. Nous avons veill\u00e9 \u00e0 ce que les tarifs propos\u00e9s soient accessibles\u00a0\u00bb, a annonc\u00e9 le secr\u00e9taire d\u2019Etat aux Transports Jean-Baptiste Djebbari, mercredi soir.<\/p>\n<p>\u00ab\u00a0Nous avons \u00e9videmment respect\u00e9 le cadre r\u00e9glementaire\u00a0\u00bb, a-t-il pr\u00e9cis\u00e9, \u00e9voquant \u00ab\u00a015 \u00e0 20\u00a0\u00bb autocars et notant que \u00ab\u00a0des discussions sont encore en cours\u00a0\u00bb tant avec les op\u00e9rateurs qu\u2019avec la mairie de Paris.<\/p>\n<p>S\u2019il sera th\u00e9oriquement possible de faire rouler ces v\u00e9hicules d\u00e8s jeudi, dans les faits, ces cars ne circuleront qu\u2019\u00e0 partir de vendredi, selon leurs exploitants.<\/p>\n<p>Contact\u00e9 par l\u2019AFP, un porte-parole de FlixBus a indiqu\u00e9 que la compagnie allemande assurerait cette desserte \u00e0 partir de vendredi. \u00ab\u00a0Ce sera gratuit\u00a0\u00bb, a-t-il ajout\u00e9, notant que le parcours n\u2019\u00e9tait pas d\u00e9finitivement arr\u00eat\u00e9.<\/p>\n<p>Ce parcours devra \u00eatre allong\u00e9, la distance entre Saint-Denis et Massy via Paris ne d\u00e9passe pas les 30 km. R\u00e9glementairement, les \u00ab\u00a0cars Macron\u00a0\u00bb n\u2019ont en effet pas le droit de faire des trajets de moins de 40 kilom\u00e8tres en Ile-de-France.<\/p>\n<p>L\u2019autre op\u00e9rateur de \u00ab\u00a0cars Macron\u00a0\u00bb, BlaBlaBus (BlaBlaCar), ne lancera pas non plus cette ligne francilienne jeudi, selon un porte parole rest\u00e9 tr\u00e8s \u00e9vasif pour les jours suivants.<\/p>\n<p>Avant l\u2019annonce du secr\u00e9taire d\u2019Etat, la CGT de la RATP s\u2019\u00e9tait d\u00e9j\u00e0 \u00e9lev\u00e9e contre cette initiative, la jugeant \u00ab\u00a0inutile\u00a0\u00bb car tr\u00e8s peu capacitaire, \u00ab\u00a0dangereuse\u00a0\u00bb et \u00ab\u00a0ill\u00e9gale\u00a0\u00bb.<\/p>\n<p>M. Djebbari a en outre indiqu\u00e9 qu\u2019il avait demand\u00e9 aux op\u00e9rateurs de VTC \u00ab\u00a0de ne pas augmenter leurs tarifs\u00a0\u00bb. Ceux-ci ne seront pas plus major\u00e9s qu\u2019un samedi soir, a-t-il ajout\u00e9.<\/p>\n<p>C\u00f4t\u00e9 transports publics, la RATP \u00ab\u00a0a mis le paquet sur les lignes structurantes\u00a0\u00bb, a soulign\u00e9 sa PDG Catherine Guillouard.<\/p>\n<p>Pour le m\u00e9tro, il s\u2019agit de la ligne 1 (est-ouest, automatique), la 4 (nord-sud), la 7 (nord-est\/sud-est, avec une large courbe dans le centre de Paris), la 9 (vers Montreuil \u00e0 l\u2019est) et la 14 (nord-ouest\/sud-est, automatique).<\/p>\n<p>Onze lignes de m\u00e9tro seront ferm\u00e9es (2, 3, 3bis, 5, 6, 7bis, 8, 10, 11, 12 et 13). La 1 et la 14 \u2013automatiques\u2013 devraient fonctionner normalement tandis que les 4 et 7 fonctionneront seulement aux heures de pointe (de 06H30 \u00e0 09H30 et de 17H00 \u00e0 20H00), de m\u00eame qu\u2019un petit bout de la 9.<\/p>\n<p>Certaines stations importantes resteront cependant ferm\u00e9es, comme Barb\u00e8s-Rochechouart, Gare de l\u2019Est, Montparnasse-Bienven\u00fce, Op\u00e9ra, Place d\u2019Italie ou Porte d\u2019Orl\u00e9ans.<\/p>\n<p>Quelques tramways devraient circuler, mais le trafic du RER et des trains de banlieue de la SNCF sera squelettique et concentr\u00e9 sur les heures de pointe.<\/p>\n<p>Restent les autobus, plut\u00f4t moins affect\u00e9s par le mouvement: la RATP pr\u00e9voit d\u2019assurer 30% du trafic, toute la journ\u00e9e. Certaines lignes seront renforc\u00e9es \u2013notamment la 38, axe nord-sud parisien\u2013, et d\u2019autres supprim\u00e9es.<\/p>\n<p>Hors du p\u00e9rim\u00e8tre de la RATP en grande couronne, les op\u00e9rateurs du r\u00e9seau Optile comptent sur 8 bus sur 10.<\/p>\n<p>Toutes les soci\u00e9t\u00e9s de scooters, v\u00e9los et trottinettes en libre-service, de m\u00eame que les plates-formes de covoiturage et d\u2019autopartage sont \u00e9galement sur le pont pour proposer des solutions alternatives pendant la gr\u00e8ve.<\/p>\n<\/div>\n<p>Auteur: AFP<br \/>\n<a href=\"https:\/\/www.journalducameroun.com\/ile-de-france-quelques-cars-macron-a-la-rescousse-pendant-la-greve\/\">Cliquez ici pour lire l&rsquo;article depuis sa source.<\/a><\/p>\n","protected":false},"excerpt":{"rendered":"<p>Publi\u00e9 le 04.12.2019 \u00e0 22h50 par AFP Quelques \u00ab\u00a0cars Macron\u00a0\u00bb devraient venir renforcer vendredi les transports publics d\u2019Ile-de-France, tr\u00e8s affect\u00e9s \u00e0 partir de jeudi par la gr\u00e8ve contre la r\u00e9forme des retraite. \u00ab\u00a0Ceux qu\u2019on appelle les +cars Macron+ pourront circuler demain (jeudi) entre Saint-Denis et Massy en desservant Paris intra-muros. Nous avons veill\u00e9 \u00e0 ce [&hellip;]<\/p>\n","protected":false},"author":1965,"featured_media":0,"comment_status":"closed","ping_status":"closed","sticky":false,"template":"","format":"standard","meta":{"fifu_image_url":"","fifu_image_alt":"","footnotes":""},"categories":[73,82],"tags":[],"class_list":["post-69378","post","type-post","status-publish","format-standard","hentry","category-actualite","category-cameroun"],"_links":{"self":[{"href":"https:\/\/linitiative.ca\/International\/wp-json\/wp\/v2\/posts\/69378","targetHints":{"allow":["GET"]}}],"collection":[{"href":"https:\/\/linitiative.ca\/International\/wp-json\/wp\/v2\/posts"}],"about":[{"href":"https:\/\/linitiative.ca\/International\/wp-json\/wp\/v2\/types\/post"}],"author":[{"embeddable":true,"href":"https:\/\/linitiative.ca\/International\/wp-json\/wp\/v2\/users\/1965"}],"replies":[{"embeddable":true,"href":"https:\/\/linitiative.ca\/International\/wp-json\/wp\/v2\/comments?post=69378"}],"version-history":[{"count":0,"href":"https:\/\/linitiative.ca\/International\/wp-json\/wp\/v2\/posts\/69378\/revisions"}],"wp:attachment":[{"href":"https:\/\/linitiative.ca\/International\/wp-json\/wp\/v2\/media?parent=69378"}],"wp:term":[{"taxonomy":"category","embeddable":true,"href":"https:\/\/linitiative.ca\/International\/wp-json\/wp\/v2\/categories?post=69378"},{"taxonomy":"post_tag","embeddable":true,"href":"https:\/\/linitiative.ca\/International\/wp-json\/wp\/v2\/tags?post=69378"}],"curies":[{"name":"wp","href":"https:\/\/api.w.org\/{rel}","templated":true}]}}