{"id":69379,"date":"2019-12-04T17:18:02","date_gmt":"2019-12-04T22:18:02","guid":{"rendered":"https:\/\/linitiative.ca\/International\/cote-divoire-baisse-des-exonerations-fiscales-et-douanieres-de-2434-a-2228-milliards-fcfa\/"},"modified":"2019-12-04T17:18:02","modified_gmt":"2019-12-04T22:18:02","slug":"cote-divoire-baisse-des-exonerations-fiscales-et-douanieres-de-2434-a-2228-milliards-fcfa","status":"publish","type":"post","link":"https:\/\/linitiative.ca\/International\/cote-divoire-baisse-des-exonerations-fiscales-et-douanieres-de-2434-a-2228-milliards-fcfa\/","title":{"rendered":"C\u00f4te d\u2019Ivoire: baisse des exon\u00e9rations fiscales et douani\u00e8res de 243,4 \u00e0 222,8 milliards FCFA"},"content":{"rendered":"<div readability=\"32\">\n<p>Publi\u00e9 le 04.12.2019 \u00e0 23h18 par APA News<\/p>\n<\/div>\n<div readability=\"74\">\n<p>Les co\u00fbts des exon\u00e9rations fiscales et douani\u00e8res accord\u00e9es par l\u2019\u00c9tat de C\u00f4te d\u2019Ivoire ont baiss\u00e9, passant de 243,4 milliards FCFA \u00e0 fin septembre 2018 \u00e0 222,8 milliards FCFA \u00e0 fin septembre 2019, soit une baisse de 8,5%, a annonc\u00e9 mercredi le gouvernement ivoirien.\u00abA la fin septembre 2019, les co\u00fbts des exon\u00e9rations fiscales et douani\u00e8res s\u2019\u00e9tablissent \u00e0 222,8 milliards FCFA contre 243,4 milliards FCFA enregistr\u00e9 \u00e0 fin septembre 2018, soit une baisse de 8,5%. Elles repr\u00e9sentent 8,6% des recettes brutes mobilis\u00e9es par les administrations fiscales et douani\u00e8res contre 10% \u00e0 fin septembre 2018\u00bb, a indiqu\u00e9 Sidi Ti\u00e9moko Tour\u00e9, le porte-parole du gouvernement ivoirien \u00e0 l\u2019issue d\u2019un conseil des ministres pr\u00e9sid\u00e9 par le pr\u00e9sident Alassane Ouattara.<\/p>\n<p>\u00ab Les exon\u00e9rations accord\u00e9es \u00e0 fin septembre 2019 au titre de la fiscalit\u00e9 de porte se chiffrent \u00e0 127,5 milliards FCFA, soit 57,2% de la d\u00e9pense fiscale et en r\u00e9gime int\u00e9rieur \u00e0 95,3 milliards FCFA repr\u00e9sentant 42,8%\u00bb, a ajout\u00e9 M. Tour\u00e9 qui est \u00e9galement le ministre de la communication et des m\u00e9dias.<\/p>\n<p>\u00ab Ces exon\u00e9rations ont \u00e9t\u00e9 particuli\u00e8rement importantes en mati\u00e8re de TVA, de droits de douanes et d\u2019imp\u00f4ts sur le b\u00e9n\u00e9fice dont les montants cumul\u00e9s se chiffrent \u00e0 171,5 milliards FCFA, \u00a0soit 77% des exon\u00e9rations globales \u00bb, a ajout\u00e9 le ministre de la communication et des m\u00e9dias.<\/p>\n<p>Poursuivant, il a pr\u00e9cis\u00e9 que les secteurs d\u2019activit\u00e9s ayant b\u00e9n\u00e9fici\u00e9 \u00a0d\u2019exon\u00e9rations sont principalement l\u2019industrie, les BTP, les services et l\u2019administration.<\/p>\n<\/div>\n<p>Auteur: APA News<br \/>\n<a href=\"https:\/\/www.journalducameroun.com\/cote-divoire-baisse-des-exonerations-fiscales-et-douanieres-de-2434-a-2228-milliards-fcfa\/\">Cliquez ici pour lire l&rsquo;article depuis sa source.<\/a><\/p>\n","protected":false},"excerpt":{"rendered":"<p>Publi\u00e9 le 04.12.2019 \u00e0 23h18 par APA News Les co\u00fbts des exon\u00e9rations fiscales et douani\u00e8res accord\u00e9es par l\u2019\u00c9tat de C\u00f4te d\u2019Ivoire ont baiss\u00e9, passant de 243,4 milliards FCFA \u00e0 fin septembre 2018 \u00e0 222,8 milliards FCFA \u00e0 fin septembre 2019, soit une baisse de 8,5%, a annonc\u00e9 mercredi le gouvernement ivoirien.\u00abA la fin septembre 2019, [&hellip;]<\/p>\n","protected":false},"author":1965,"featured_media":0,"comment_status":"closed","ping_status":"closed","sticky":false,"template":"","format":"standard","meta":{"fifu_image_url":"","fifu_image_alt":"","footnotes":""},"categories":[73,82],"tags":[],"class_list":["post-69379","post","type-post","status-publish","format-standard","hentry","category-actualite","category-cameroun"],"_links":{"self":[{"href":"https:\/\/linitiative.ca\/International\/wp-json\/wp\/v2\/posts\/69379","targetHints":{"allow":["GET"]}}],"collection":[{"href":"https:\/\/linitiative.ca\/International\/wp-json\/wp\/v2\/posts"}],"about":[{"href":"https:\/\/linitiative.ca\/International\/wp-json\/wp\/v2\/types\/post"}],"author":[{"embeddable":true,"href":"https:\/\/linitiative.ca\/International\/wp-json\/wp\/v2\/users\/1965"}],"replies":[{"embeddable":true,"href":"https:\/\/linitiative.ca\/International\/wp-json\/wp\/v2\/comments?post=69379"}],"version-history":[{"count":0,"href":"https:\/\/linitiative.ca\/International\/wp-json\/wp\/v2\/posts\/69379\/revisions"}],"wp:attachment":[{"href":"https:\/\/linitiative.ca\/International\/wp-json\/wp\/v2\/media?parent=69379"}],"wp:term":[{"taxonomy":"category","embeddable":true,"href":"https:\/\/linitiative.ca\/International\/wp-json\/wp\/v2\/categories?post=69379"},{"taxonomy":"post_tag","embeddable":true,"href":"https:\/\/linitiative.ca\/International\/wp-json\/wp\/v2\/tags?post=69379"}],"curies":[{"name":"wp","href":"https:\/\/api.w.org\/{rel}","templated":true}]}}