{"id":69383,"date":"2019-12-05T09:30:06","date_gmt":"2019-12-05T14:30:06","guid":{"rendered":"https:\/\/linitiative.ca\/International\/john-skoog-jai-essaye-de-decrire-la-relation-entre-les-gens-la-terre-les-machines-et-les-animaux\/"},"modified":"2019-12-05T09:30:06","modified_gmt":"2019-12-05T14:30:06","slug":"john-skoog-jai-essaye-de-decrire-la-relation-entre-les-gens-la-terre-les-machines-et-les-animaux","status":"publish","type":"post","link":"https:\/\/linitiative.ca\/International\/john-skoog-jai-essaye-de-decrire-la-relation-entre-les-gens-la-terre-les-machines-et-les-animaux\/","title":{"rendered":"John Skoog : \u00abJ\u2019ai essay\u00e9 de d\u00e9crire la relation entre les gens, la terre, les machines  et les animaux\u00bb"},"content":{"rendered":"<p><img decoding=\"async\" class=\"post_layout_5_img\" src=\"http:\/\/aujourdhui.ma\/wp-content\/uploads\/2019\/12\/John-Skoog-re%CC%81alisateur-sue%CC%81dois.jpg?x29840\" alt=\"John Skoog : \u00abJ\u2019ai essay\u00e9 de d\u00e9crire la relation entre les gens, la terre, les machines et les animaux\u00bb\"\/><\/p>\n<p class=\"p1\"><span class=\"c4\"><strong>Entretien avec John Skoog, r<span class=\"s1\">\u00e9alisateur su\u00e9dois<\/span><\/strong><\/span><span id=\"more-325737\"\/><\/p>\n<div class=\"base-box mom_box_sc_custom mom_box_sc clear c5\" readability=\"14\">\n<p class=\"p1\"><span class=\"s1\"><em><strong>John Skoog a pr\u00e9sent\u00e9 son film \u00abRidge\u00bb (Sommet) dimanche et mardi au Mus\u00e9e Yves Saint Laurent, lors du 18\u00e8me Festival international du film de Marrakech (FIFM) qui se tient jusqu\u2019au 7 d\u00e9cembre. Il nous explique, apr\u00e8s la projection, les dessous de son film susceptible d\u2019\u00eatre qualifi\u00e9 d\u2019\u00e9nigmatique puisque le synopsis laisse voir que c\u2019est un documentaire. Apr\u00e8s projection, il s\u2019av\u00e8re qu\u2019il ne l\u2019est pas bien que les sc\u00e8nes laissent voir des paysages et soient rythm\u00e9es par le bruit de \u2026 machines agricoles.<\/strong><\/em><\/span><\/p>\n<\/div>\n<p class=\"p2\"><span class=\"s1\"><strong>ALM\u00a0: Qu\u2019est-ce cela vous fait que votre film \u00abRidge\u00bb (Sommet) soit programm\u00e9 au Mus\u00e9e Yves Saint Laurent lors du FIFM\u00a0?<\/strong><\/span><\/p>\n<p class=\"p2\"><span class=\"s1\"><strong>John Skoog\u00a0:<\/strong> Cela compte \u00e9norm\u00e9ment pour moi. Je suis tr\u00e8s honor\u00e9 d\u2019\u00eatre l\u00e0. C\u2019est tr\u00e8s beau de voir mon film projet\u00e9 au mus\u00e9e Yves Saint-Laurent. Il est vrai que cela peut \u00eatre choquant et \u00e9trange \u00e0 la fois de voir des machines de fermes su\u00e9doises dans un tel endroit, mais c\u2019est fantastique d\u2019y \u00eatre. Par l\u2019occasion, j\u2019ai d\u00e9j\u00e0 \u00e9t\u00e9 \u00e0 Marrakech, il y a environ une dizaine d\u2019ann\u00e9es, pendant un mois. Je m\u2019y suis rendu en tant qu\u2019\u00e9tudiant. Il fait bon y revenir.<\/span><\/p>\n<p class=\"p2\"><span class=\"s1\"><strong>A la lecture du synopsis, l\u2019on a l\u2019impression que votre film serait un documentaire. Le spectateur finit par d\u00e9couvrir une fiction autour d\u2019agriculteurs. Pourriez-vous nous expliquer cela\u00a0?<\/strong><\/span><\/p>\n<p class=\"p2\"><span class=\"s1\">C\u2019est un film fait en tant que fiction qui s\u2019approche de la r\u00e9alit\u00e9. Ce n\u2019est pas un documentaire bien qu\u2019il ait \u00e9t\u00e9 projet\u00e9 dans des festivals du film documentaire. Il est vrai que les \u00e9quipements agricoles qui y figurent peuvent donner l\u2019impression que le film rel\u00e8ve de ce genre cin\u00e9matographique. Mais tous les th\u00e8mes du film rel\u00e8vent de la fiction.<\/span><\/p>\n<p class=\"p2\"><span class=\"s1\"><strong>Souvent, les sc\u00e8nes de la nature sont accompagn\u00e9es de musique douce et calme. Pourquoi avoir choisi des sons techno et \u00e9lectroniques pour de telles s\u00e9quences de votre film\u00a0?<\/strong><\/span><\/p>\n<p class=\"p2\"><span class=\"s1\">A vrai dire, c\u2019est une longue histoire. Mais il y a plusieurs raisons. D\u2019abord, les gens qui conduisent les tracteurs \u00e9coutent cette musique. C\u2019est en fait un style, cr\u00e9\u00e9 par un producteur italien, qui est lent et violent \u00e0 la fois. D\u2019autant plus qu\u2019il rythme le film. Si le choix se porte sur une musique classique, cela serait un clich\u00e9 de mauvais go\u00fbt. Donc le choix des sons \u00e9lectro permet de cr\u00e9er, entre le son et les images du film, une meilleure tension qui est importante pour moi \u00e0 l\u2019instar de celle entre la fiction et le documentaire, un personnage et un paysage. De plus, j\u2019adore cette musique qui, d\u2019autant plus, peut inciter \u00e0 se poser la question sur la raison de voir ce film \u00e9trange.<\/span><\/p>\n<p class=\"p2\"><strong>Pourriez-vous nous donner une id\u00e9e du lieu o\u00f9 vous avez tourn\u00e9 la nature impressionnante du film\u00a0?<\/strong><\/p>\n<p class=\"p2\">Au sud de la Su\u00e8de, dont je suis issu, pr\u00e9cis\u00e9ment dans une r\u00e9gion pr\u00e8s du Danemark o\u00f9 il y a un seul \u00abRidge\u00bb (Sommet). Il en est question dans le film dont les faits se d\u00e9roulent au-dessous de ce \u00abRidge\u00bb que je ne montre qu\u2019\u00e0 la fin du film.<\/p>\n<p class=\"p2\"><strong>Donc, la finalit\u00e9 de votre \u0153uvre est de montrer la nature de la r\u00e9gion ou de monter une fiction autour d\u2019agriculteurs<\/strong> <span class=\"s2\"><strong>et leur mode de vivre\u00a0?<\/strong><\/span><\/p>\n<p class=\"p2\"><span class=\"s2\">J\u2019ai en fait essay\u00e9 de d\u00e9crire la relation entre les gens, la terre, les machines et les animaux. Si l\u2019on \u00f4te un de ces \u00e9l\u00e9ments, tout sera faux. Rien ne peut survivre sans l\u2019autre. A voir le film, certains peuvent se souvenir de leur enfance ou penser \u00e0 l\u2019industrialisation de l\u2019agriculture. Le spectateur peut penser \u00e0 plusieurs choses \u00e0 la fois. C\u2019est un film ouvert \u00e0 plusieurs interpr\u00e9tations et sentiments du public.<\/span><\/p>\n<p class=\"p2\"><span class=\"s2\"><strong>Dans l\u2019intrigue, il n\u2019y a qu\u2019une femme parmi les agriculteurs. Mais elle ne parle qu\u2019\u00e0 la fin du film. Pourquoi un tel personnage\u00a0?<\/strong><\/span><\/p>\n<p class=\"p2\"><span class=\"s2\">D\u00e9j\u00e0, elle s\u2019affiche dans le d\u00e9but du film \u00e0 bord d\u2019un bateau. Elle est en fait comme un spectateur qui regarde tout sans rien dire. Ce n\u2019est qu\u2019\u00e0 la fin qu\u2019elle dit\u00a0<em>: \u00abreste calme et tais-toi\u00a0!\u00bb.<\/em> En fait, c\u2019est comme si le spectateur regardait le film avec elle.<\/span><\/p>\n<p class=\"p2\"><span class=\"s2\"><strong>Et si vous faisiez une promotion \u00e0 votre film au Maroc o\u00f9 les gens sont attach\u00e9s \u00e0 la terre\u00a0?<\/strong><\/span><\/p>\n<p class=\"p2\"><span class=\"s2\">C\u2019est un film difficile \u00e0 promouvoir. Pour l\u2019heure, nous l\u2019avons fait uniquement pour le festival parce que le Maroc est loin pour moi. Mais on ne sait jamais.<\/span><\/p>\n<p class=\"p2\"><span class=\"s2\"><strong>Que pourriez-vous nous dire du cin\u00e9ma su\u00e9dois\u00a0?<\/strong><\/span><\/p>\n<p class=\"p2\"><span class=\"s2\">Je ne suis pas le mieux plac\u00e9 pour r\u00e9pondre \u00e0 cette question puisque je ne vis pas en Su\u00e8de. Je pense qu\u2019il souffre des m\u00eames probl\u00e8mes comme un peu partout dans le monde. Il y a un institut su\u00e9dois qui finance les films. C\u2019est une structure qui veut avoir de l\u2019audience et concurrencer d\u2019autres cin\u00e9mas, notamment celui am\u00e9ricain avec lequel il est difficile d\u2019entrer en comp\u00e9tition. Donc il serait mieux, pour l\u2019institut, de donner de l\u2019argent aux films pour concourir dans des festivals parce que quand on est petit, on ne combat pas un grand. Il faut plut\u00f4t combattre avec son<\/span> <span class=\"s1\">cerveau.<\/span><\/p>\n<p>Auteur: Salima Guisser<br \/>\n<a href=\"http:\/\/aujourdhui.ma\/culture\/cinema\/john-skoog-jai-essaye-de-decrire-la-relation-entre-les-gens-la-terre-les-machines-et-les-animaux\">Cliquez ici pour lire l&rsquo;article depuis sa source.<\/a><\/p>\n","protected":false},"excerpt":{"rendered":"<p>Entretien avec John Skoog, r\u00e9alisateur su\u00e9dois John Skoog a pr\u00e9sent\u00e9 son film \u00abRidge\u00bb (Sommet) dimanche et mardi au Mus\u00e9e Yves Saint Laurent, lors du 18\u00e8me Festival international du film de Marrakech (FIFM) qui se tient jusqu\u2019au 7 d\u00e9cembre. Il nous explique, apr\u00e8s la projection, les dessous de son film susceptible d\u2019\u00eatre qualifi\u00e9 d\u2019\u00e9nigmatique puisque le [&hellip;]<\/p>\n","protected":false},"author":1759,"featured_media":0,"comment_status":"closed","ping_status":"closed","sticky":false,"template":"","format":"standard","meta":{"fifu_image_url":"","fifu_image_alt":"","footnotes":""},"categories":[73,54],"tags":[],"class_list":["post-69383","post","type-post","status-publish","format-standard","hentry","category-actualite","category-maroc"],"_links":{"self":[{"href":"https:\/\/linitiative.ca\/International\/wp-json\/wp\/v2\/posts\/69383","targetHints":{"allow":["GET"]}}],"collection":[{"href":"https:\/\/linitiative.ca\/International\/wp-json\/wp\/v2\/posts"}],"about":[{"href":"https:\/\/linitiative.ca\/International\/wp-json\/wp\/v2\/types\/post"}],"author":[{"embeddable":true,"href":"https:\/\/linitiative.ca\/International\/wp-json\/wp\/v2\/users\/1759"}],"replies":[{"embeddable":true,"href":"https:\/\/linitiative.ca\/International\/wp-json\/wp\/v2\/comments?post=69383"}],"version-history":[{"count":0,"href":"https:\/\/linitiative.ca\/International\/wp-json\/wp\/v2\/posts\/69383\/revisions"}],"wp:attachment":[{"href":"https:\/\/linitiative.ca\/International\/wp-json\/wp\/v2\/media?parent=69383"}],"wp:term":[{"taxonomy":"category","embeddable":true,"href":"https:\/\/linitiative.ca\/International\/wp-json\/wp\/v2\/categories?post=69383"},{"taxonomy":"post_tag","embeddable":true,"href":"https:\/\/linitiative.ca\/International\/wp-json\/wp\/v2\/tags?post=69383"}],"curies":[{"name":"wp","href":"https:\/\/api.w.org\/{rel}","templated":true}]}}