{"id":69385,"date":"2019-12-05T13:04:54","date_gmt":"2019-12-05T18:04:54","guid":{"rendered":"https:\/\/linitiative.ca\/International\/abou-leila-en-competition-au-cinema-mediterraneen-de-bruxelles\/"},"modified":"2019-12-05T13:04:54","modified_gmt":"2019-12-05T18:04:54","slug":"abou-leila-en-competition-au-cinema-mediterraneen-de-bruxelles","status":"publish","type":"post","link":"https:\/\/linitiative.ca\/International\/abou-leila-en-competition-au-cinema-mediterraneen-de-bruxelles\/","title":{"rendered":"\u00ab\u00a0Abou Leila\u00a0\u00bb en comp\u00e9tition au \u00ab\u00a0Cin\u00e9ma m\u00e9diterran\u00e9en\u00a0\u00bb de Bruxelles\u00a0  \u00a0"},"content":{"rendered":"<div readability=\"35\">\n<p><strong>BRUXELLES- Le long m\u00e9trage de fiction alg\u00e9rien \u00ab\u00a0Abou Leila\u00a0\u00bb d&rsquo;Amine Sidi Boumediene a \u00e9t\u00e9 s\u00e9lectionn\u00e9 en comp\u00e9tition du 19e Festival Cin\u00e9ma m\u00e9diterran\u00e9en de Bruxelles qui se poursuit jusqu&rsquo;au7 d\u00e9cembre dans la capitale belge, annoncent les organisateurs sur leur site Internet<\/strong>.<\/p>\n<\/div>\n<div readability=\"66.5560407569\">\n<p>Sorti en 2019, \u00ab\u00a0Abou Leila\u00a0\u00bb est en lice \u00e0 ce festival avec des films du Maroc, de Tunisie et d&rsquo;Espagne .<\/p>\n<p>\u00ab\u00a0Abou Le\u00efla\u00a0\u00bb -une coproduction alg\u00e9ro-franco-qatarie de140 mn- revient sur les \u00e9v\u00e8nements tragiques des ann\u00e9es 1990, \u00e0 travers l&rsquo;histoire de deux jeunes \u00e0 la poursuite de Abou Le\u00efla, un dangereux terroriste en fuite dans le d\u00e9sert alg\u00e9rien.<\/p>\n<p>\u00a0Programm\u00e9 en mai dernier \u00e0 Cannes dans la section \u00ab\u00a0Semaine de la critique\u00a0\u00bb, Abou Leila -premier long m\u00e9trage de Amine Sidi Boumediene-, a \u00e9t\u00e9 plusieurs fois prim\u00e9 en Inde, en Tunisie et en Espagne, entre autres.<\/p>\n<hr\/>\n<p>Lire aussi:\u00a0<a href=\"http:\/\/www.aps.dz\/culture\/97884-41e-festival-international-du-cinema-du-caire-deux-films-algeriens-en-competition\">41e Festival international du cin\u00e9ma du Caire : deux films alg\u00e9riens en comp\u00e9tition<\/a><\/p>\n<hr\/>\n<p>\u00ab\u00a0143 rue du d\u00e9sert\u00a0\u00bb, un documentaire de Hassen Ferhani, et \u00ab\u00a0Papicha\u00a0\u00bb de Mounia Meddour sont programm\u00e9s hors comp\u00e9tition du festival ouvert vendredi.\u00a0<\/p>\n<p>\u00ab\u00a0Papicha\u00a0\u00bb \u00e9voque le quotidien de jeunes femmes en Alg\u00e9rie dans les ann\u00e9es 1990 \u00e0 travers l&rsquo;histoire d&rsquo;une \u00e9tudiante, qui tente de vendre ses cr\u00e9ations de haute couture dans les bo\u00eetes de nuit pour se lancer comme styliste.<\/p>\n<p>Pour sa part, \u00ab\u00a0143 rue du d\u00e9sert\u00a0\u00bb croque le portrait de Malika, g\u00e9rante d\u2019un petit relais de voyageurs dans le d\u00e9sert alg\u00e9rien.<\/p>\n<p>Fond\u00e9 en 1989, le Festival Cin\u00e9ma m\u00e9diterran\u00e9en de Bruxelles vise \u00e0 rapprocher les cultures des pays de la M\u00e9diterran\u00e9e \u00e0 travers le cin\u00e9ma, selon ses organisateurs.\u00a0<\/p>\n<\/div>\n<p>Auteur:<br \/>\n<a href=\"http:\/\/www.aps.dz\/culture\/98469-abou-leila-en-competition-au-cinema-mediterraneen-de-bruxelles\">Cliquez ici pour lire l&rsquo;article depuis sa source.<\/a><\/p>\n","protected":false},"excerpt":{"rendered":"<p>BRUXELLES- Le long m\u00e9trage de fiction alg\u00e9rien \u00ab\u00a0Abou Leila\u00a0\u00bb d&rsquo;Amine Sidi Boumediene a \u00e9t\u00e9 s\u00e9lectionn\u00e9 en comp\u00e9tition du 19e Festival Cin\u00e9ma m\u00e9diterran\u00e9en de Bruxelles qui se poursuit jusqu&rsquo;au7 d\u00e9cembre dans la capitale belge, annoncent les organisateurs sur leur site Internet. Sorti en 2019, \u00ab\u00a0Abou Leila\u00a0\u00bb est en lice \u00e0 ce festival avec des films du [&hellip;]<\/p>\n","protected":false},"author":1790,"featured_media":0,"comment_status":"closed","ping_status":"closed","sticky":false,"template":"","format":"standard","meta":{"fifu_image_url":"","fifu_image_alt":"","footnotes":""},"categories":[53,79],"tags":[],"class_list":["post-69385","post","type-post","status-publish","format-standard","hentry","category-algerie","category-culture"],"_links":{"self":[{"href":"https:\/\/linitiative.ca\/International\/wp-json\/wp\/v2\/posts\/69385","targetHints":{"allow":["GET"]}}],"collection":[{"href":"https:\/\/linitiative.ca\/International\/wp-json\/wp\/v2\/posts"}],"about":[{"href":"https:\/\/linitiative.ca\/International\/wp-json\/wp\/v2\/types\/post"}],"author":[{"embeddable":true,"href":"https:\/\/linitiative.ca\/International\/wp-json\/wp\/v2\/users\/1790"}],"replies":[{"embeddable":true,"href":"https:\/\/linitiative.ca\/International\/wp-json\/wp\/v2\/comments?post=69385"}],"version-history":[{"count":0,"href":"https:\/\/linitiative.ca\/International\/wp-json\/wp\/v2\/posts\/69385\/revisions"}],"wp:attachment":[{"href":"https:\/\/linitiative.ca\/International\/wp-json\/wp\/v2\/media?parent=69385"}],"wp:term":[{"taxonomy":"category","embeddable":true,"href":"https:\/\/linitiative.ca\/International\/wp-json\/wp\/v2\/categories?post=69385"},{"taxonomy":"post_tag","embeddable":true,"href":"https:\/\/linitiative.ca\/International\/wp-json\/wp\/v2\/tags?post=69385"}],"curies":[{"name":"wp","href":"https:\/\/api.w.org\/{rel}","templated":true}]}}