{"id":69391,"date":"2019-12-05T05:48:32","date_gmt":"2019-12-05T10:48:32","guid":{"rendered":"https:\/\/linitiative.ca\/International\/marrakech-presente-en-force-au-congres-de-laimf\/"},"modified":"2019-12-05T05:48:32","modified_gmt":"2019-12-05T10:48:32","slug":"marrakech-presente-en-force-au-congres-de-laimf","status":"publish","type":"post","link":"https:\/\/linitiative.ca\/International\/marrakech-presente-en-force-au-congres-de-laimf\/","title":{"rendered":"Marrakech pr\u00e9sente en force au congr\u00e8s de l\u2019AIMF"},"content":{"rendered":"<div readability=\"34\">\n<p>Marrakech \u2013 La ville de Marrakech participe du 1er au 05 d\u00e9cembre courant, \u00e0 Phnom Penh (Cambodge) au Congr\u00e8s de l\u2019Association internationale des Maires francophones (AIMF).<\/p>\n<\/div>\n<div readability=\"111\">\n<p>La ville de Marrakech est repr\u00e9sent\u00e9e \u00e0 cet \u00e9v\u00e9nement par le directeur du p\u00f4le \u00e9conomique et de la qualit\u00e9 des services au Conseil communal, Abdelkrim Khatib, et la vice-pr\u00e9sidente du maire charg\u00e9e de la sant\u00e9, Mme Khadija El Feddy, indique un communiqu\u00e9 de la commune de Marrakech.<\/p>\n<p>Lors d\u2019un atelier organis\u00e9 lundi dernier, par le Programme commun des Nations Unies sur le VIH\/SIDA (ONUSIDA), Mme El Feddy a pr\u00e9sent\u00e9 l\u2019exp\u00e9rience de la ville de Marrakech dans le domaine de lutte contre le SIDA.<\/p>\n<p>Initi\u00e9 sous le th\u00e8me \u00ab\u00a0Lutte contre le VIH\/SIDA, les villes s\u2019engagent\u00a0\u00bb, cet atelier a connu la participation du maire de Bangui, Emile Gros Raymond Nakombo, la Responsable des relations diplomatiques avec l\u2019Afrique et l\u2019Oc\u00e9an indien et des projets sant\u00e9 \u00e0 la mairie de Paris, Mme Anne-Sophie Monceau, et le Secr\u00e9taire ex\u00e9cutif des Communes et villes unies du Cameroun (CVUC), Ludovic Etoundi.<\/p>\n<p>Cet atelier a \u00e9t\u00e9 marqu\u00e9 par la signature de plusieurs villes francophones de la D\u00e9claration de Paris sur la lutte contre le SIDA, a fait savoir la m\u00eame source.<\/p>\n<p>Les travaux du congr\u00e8s d\u2019AIMF, co\u00efncidant avec le 40\u00e8 anniversaire de cette association ainsi que la lib\u00e9ration de la capitale cambodgienne des mains des Khmers Rouges en 1979 apr\u00e8s une guerre civile d\u00e9vastatrice, ont d\u00e9marr\u00e9 mardi, avec la participation de 400 repr\u00e9sentants locaux des villes francophones et experts et partenaires internationaux.<\/p>\n<p>Au programme de ce congr\u00e8s des conf\u00e9rences et des ateliers traitant des d\u00e9fis de la reconstruction urbaine, et la gestion des d\u00e9fis futurs, en plus de th\u00e9matiques des changements climatiques.<\/p>\n<p>La 39\u00e8me Assembl\u00e9e g\u00e9n\u00e9rale de l\u2019AIMF s\u2019est tenue quant \u00e0 elle,mercredi, avec \u00e0 l\u2019ordre du jour la mise \u00e0 jour de la liste des membres, l\u2019approbation du compte rendu de la 38\u00e8me Assembl\u00e9e g\u00e9n\u00e9rale de cette association, la pr\u00e9sentation et discussion du rapport d\u2019activit\u00e9 2018, le rapport sur l\u2019ex\u00e9cution du budget 2018 et pr\u00e9sentation des comptes, le rapport du commissaire aux comptes, l\u2019approbation des comptes et des rapports de l\u2019exercice 2018, l\u2019adoption du projet de budget 2020, l\u2019examen de l\u2019adh\u00e9sion de l\u2019AIMF \u00e0 l\u2019Observatoire international des Maires en danger, l\u2019admission des nouveaux membres et la fixation de la date, du lieu et du th\u00e8me des prochaines manifestations de l\u2019AIMF.<\/p>\n<p>Il a \u00e9t\u00e9 proc\u00e9d\u00e9 \u00e0 la fin de cette AG \u00e0 la remise du Prix AIMF de la Femme Francophone 2019 par Madame Anne Hidalgo, Pr\u00e9sidente de l\u2019AIMF, Maire de Paris.<\/p>\n<p>En marge de ce congr\u00e8s, la municipalit\u00e9 de Phnom Penh organise une exposition de photos sur l\u2019\u00e9volution du paysage urbain de Phnom Penh au cours des 40 derni\u00e8res ann\u00e9es (1979-2019).<\/p>\n<p>Cette exposition met l\u2019accent sur l\u2019architecture, l\u2019infrastructure et le mode de vie des habitants de la capitale cambodgienne. Elle est pr\u00e9sent\u00e9e pendant deux mois sur le quai Preah Sisowath, le long du fleuve M\u00e9kong.<\/p>\n<p>Ce congr\u00e8s a offert l\u2019opportunit\u00e9 pour la d\u00e9l\u00e9gation marocaine pour \u00e9tablir des contacts sur plusieurs niveaux afin de mobiliser les maires des villes francophones et experts et les informer de la manifestation \u00ab\u00a0Marrakech, capitale africaine de la culture en 2020\u00a0\u00bb, conclut le communiqu\u00e9.<\/p>\n<\/div>\n<p>Auteur: Meriem IGASS<br \/>\n<a href=\"http:\/\/www.mapmarrakech.ma\/fr\/marrakech-presente-en-force-au-congres-de-laimf\/\">Cliquez ici pour lire l&rsquo;article depuis sa source.<\/a><\/p>\n","protected":false},"excerpt":{"rendered":"<p>Marrakech \u2013 La ville de Marrakech participe du 1er au 05 d\u00e9cembre courant, \u00e0 Phnom Penh (Cambodge) au Congr\u00e8s de l\u2019Association internationale des Maires francophones (AIMF). La ville de Marrakech est repr\u00e9sent\u00e9e \u00e0 cet \u00e9v\u00e9nement par le directeur du p\u00f4le \u00e9conomique et de la qualit\u00e9 des services au Conseil communal, Abdelkrim Khatib, et la vice-pr\u00e9sidente [&hellip;]<\/p>\n","protected":false},"author":1788,"featured_media":0,"comment_status":"closed","ping_status":"closed","sticky":false,"template":"","format":"standard","meta":{"fifu_image_url":"","fifu_image_alt":"","footnotes":""},"categories":[54,76],"tags":[],"class_list":["post-69391","post","type-post","status-publish","format-standard","hentry","category-maroc","category-regions"],"_links":{"self":[{"href":"https:\/\/linitiative.ca\/International\/wp-json\/wp\/v2\/posts\/69391","targetHints":{"allow":["GET"]}}],"collection":[{"href":"https:\/\/linitiative.ca\/International\/wp-json\/wp\/v2\/posts"}],"about":[{"href":"https:\/\/linitiative.ca\/International\/wp-json\/wp\/v2\/types\/post"}],"author":[{"embeddable":true,"href":"https:\/\/linitiative.ca\/International\/wp-json\/wp\/v2\/users\/1788"}],"replies":[{"embeddable":true,"href":"https:\/\/linitiative.ca\/International\/wp-json\/wp\/v2\/comments?post=69391"}],"version-history":[{"count":0,"href":"https:\/\/linitiative.ca\/International\/wp-json\/wp\/v2\/posts\/69391\/revisions"}],"wp:attachment":[{"href":"https:\/\/linitiative.ca\/International\/wp-json\/wp\/v2\/media?parent=69391"}],"wp:term":[{"taxonomy":"category","embeddable":true,"href":"https:\/\/linitiative.ca\/International\/wp-json\/wp\/v2\/categories?post=69391"},{"taxonomy":"post_tag","embeddable":true,"href":"https:\/\/linitiative.ca\/International\/wp-json\/wp\/v2\/tags?post=69391"}],"curies":[{"name":"wp","href":"https:\/\/api.w.org\/{rel}","templated":true}]}}