{"id":69393,"date":"2019-12-05T10:39:43","date_gmt":"2019-12-05T15:39:43","guid":{"rendered":"https:\/\/linitiative.ca\/International\/cireg-2019-les-experts-en-management-en-conclave-a-marrakech\/"},"modified":"2019-12-05T10:39:43","modified_gmt":"2019-12-05T15:39:43","slug":"cireg-2019-les-experts-en-management-en-conclave-a-marrakech","status":"publish","type":"post","link":"https:\/\/linitiative.ca\/International\/cireg-2019-les-experts-en-management-en-conclave-a-marrakech\/","title":{"rendered":"CIREG 2019: Les experts en management en conclave \u00e0 Marrakech"},"content":{"rendered":"<div readability=\"43\">\n<p>Marrakech \u2013 \u00ab\u00a0Le management : entre agilit\u00e9 et innovation\u00a0\u00bb est le th\u00e8me de la 5\u00e8me \u00e9dition du Colloque international de Recherche en Economie et Gestion \u00ab\u00a0CIREG\u00a0\u00bb, dont les travaux ont d\u00e9marr\u00e9, jeudi \u00e0 Marrakech, avec la participation de chercheurs, praticiens et professionnels, nationaux et internationaux, issus de diff\u00e9rentes disciplines relevant des sciences sociales (gestion, finances, \u00e9conomie et marketing\u2026).<\/p>\n<\/div>\n<div readability=\"149\">\n<p>Le point fort de ce CIREG 2019, initi\u00e9 par l\u2019Ecole nationale de Commerce et de Gestion (ENCG) \u00e0 Settat (Universit\u00e9 Hassan 1er), r\u00e9side dans sa capacit\u00e9 \u00e0 mobiliser des chercheurs, des praticiens et des professeurs universitaires pour enrichir le d\u00e9bat sur les sp\u00e9cificit\u00e9s de la pratique manag\u00e9riale et les d\u00e9fis qu\u2019elle soul\u00e8ve, et \u00e0 discuter des \u00e9ventualit\u00e9s de la mod\u00e9lisation de l\u2019innovation dans un contexte agile et mouvant en permanence, dans des Organisations complexes o\u00f9 apparaissent divergences, adversit\u00e9s et conflits.<\/p>\n<p>Le Colloque, qui se poursuivra jusqu\u2019au 7 courant, est ouvert aux domaines disciplinaires ayant trait \u00e0 la probl\u00e9matique du management et aux rapports qu\u2019il entretient avec un contexte agile et innovant.<\/p>\n<p>Le CIREG 2019 vise ainsi \u00e0 interroger le positionnement des pratiques manag\u00e9riales existantes par rapport aux nouvelles exigences de gestion entra\u00een\u00e9es par la mondialisation recrudescente, ainsi que la dynamique de ces m\u00eames pratiques quant \u00e0 leurs implications congruentes ou paradoxales.<\/p>\n<p>Il s\u2019assigne \u00e9galement pour objectif de proposer une plateforme de r\u00e9flexions autour de ces questions et de susciter un partage d\u2019exp\u00e9riences entre acad\u00e9miciens et professionnels de divers horizons.<\/p>\n<p>Les divers questionnements soulev\u00e9s am\u00e8nent \u00e0 approfondir les r\u00e9flexions sur le paradigme triadique management-innovation et agilit\u00e9 adapt\u00e9 au contexte des organisations publiques et priv\u00e9es.<\/p>\n<p>Le \u00ab\u00a0CIREG 2019\u00a0\u00bb est ainsi l\u2019occasion pour l\u2019ensemble des chercheurs, praticiens, professionnels, qui travaillent sur des probl\u00e9matiques inh\u00e9rentes ou aff\u00e9rentes \u00e0 la th\u00e9matique centrale, de pr\u00e9senter leurs travaux de recherches, \u00e9tudes empiriques ou exp\u00e9riences \u00e0 partir d\u2019approches et m\u00e9thodologies vari\u00e9es.<\/p>\n<p>Le Colloque s\u2019articule autour de trois axes, \u00e0 savoir le comportement organisationnel, l\u2019innovation et la Gouvernance et partenariat public-priv\u00e9.<\/p>\n<p>S\u2019exprimant \u00e0 l\u2019ouverture de cette rencontre, la pr\u00e9sidente de l\u2019Universit\u00e9 Hassan 1er de Settat, Mme Khadija Essafi, a mis en relief la pertinence de la th\u00e9matique retenue pour cette \u00e9dition, soulignant que le CIREG est devenu \u00ab\u00a0un rendez-vous annuel incontournable\u00a0\u00bb et \u00ab\u00a0tr\u00e8s attendu\u00a0\u00bb par les acad\u00e9miciens, les acteurs de la soci\u00e9t\u00e9 civile, les hommes politiques, les experts, les enseignants-chercheurs et les \u00e9tudiants.<\/p>\n<p>Et Mme Essafi d\u2019ajouter que cette 5\u00e8me \u00e9dition ambitionne de cerner, de comprendre et d\u2019appr\u00e9hender l\u2019impact des \u00e9volutions technologiques r\u00e9centes et r\u00e9currentes sur les pratiques manag\u00e9riales devenues de plus en plus riches et dynamiques, et de r\u00e9fl\u00e9chir \u00e0 de nouvelles perspectives pour soutenir la construction de nouveaux mod\u00e8les manag\u00e9riaux durables et \u00e9volutifs.<\/p>\n<p>Elle a \u00e9mis le souhait de voir cette rencontre servir d\u2019occasion pour les experts, les d\u00e9cideurs, les enseignants-chercheurs, les \u00e9tudiants-chercheurs et les professionnels, d\u2019\u00e9changer leurs exp\u00e9riences et de partager les conclusions et r\u00e9sultats des recherches men\u00e9es dans ce domaine.<\/p>\n<p>Pour sa part, le directeur de l\u2019ENCG-Settat, Abdessadeq Sadqi a indiqu\u00e9 que cette \u00e9dition est d\u00e9di\u00e9e \u00e0 l\u2019agilit\u00e9 manag\u00e9riale des organisations et leur capacit\u00e9 \u00e0 faire face aux d\u00e9fis de la comp\u00e9titivit\u00e9 des entreprises et des diff\u00e9rentes organisations, publiques ou priv\u00e9es, nationales ou internationales.<\/p>\n<p>Dans une d\u00e9claration \u00e0 la MAP, il a relev\u00e9 que le CIREG 2019 r\u00e9unit des participants venus des quatre coins du monde, ce qui t\u00e9moigne de l\u2019int\u00e9r\u00eat suscit\u00e9 par ce colloque et de son rayonnement.<\/p>\n<p>Et de poursuivre que le CIREG traduit aussi la dynamique de la recherche scientifique au niveau de l\u2019ENCG en tant que composante de l\u2019Universit\u00e9 Hassan 1er de Settat.<\/p>\n<p>De son c\u00f4t\u00e9, le pr\u00e9sident du CIREG 2019, Youssef Oubouali, a indiqu\u00e9 que ce Colloque \u00ab\u00a0est avant tout un ouvrage prospectif dont l\u2019ambition est de donner les cl\u00e9s du succ\u00e8s \u00e0 la recherche scientifique au sein de l\u2019ENCG de Settat qui se r\u00e9invente continuellement et sans rel\u00e2che\u00a0\u00bb.<\/p>\n<p>Cette rencontre vise \u00e0 positionner le savoir et la r\u00e9flexion sur le management au coeur des pr\u00e9occupations acad\u00e9miques susceptibles de professionnaliser les choix strat\u00e9giques dans une dynamique d\u2019\u00e9mulation incontestable, a-t-il not\u00e9.<\/p>\n<p>L\u2019ambition donc, a-t-il encha\u00een\u00e9, est d\u2019interroger le potentiel des pratiques manag\u00e9riales issues des exp\u00e9riences que les chercheurs, les praticiens et les professionnels sont venus partager avec leurs pairs.<\/p>\n<p>Le programme de cette 5\u00e8me \u00e9dition pr\u00e9voit notamment six ateliers ax\u00e9s sur la finance, le marketing, la gouvernance, la digitalisation, l\u2019\u00e9conomie et le management, outre une s\u00e9ance pl\u00e9ni\u00e8re anim\u00e9e par des experts, chercheurs et professionnels marocains et \u00e9trangers.<\/p>\n<\/div>\n<p>Auteur: Meriem IGASS<br \/>\n<a href=\"http:\/\/www.mapmarrakech.ma\/fr\/cireg\/\">Cliquez ici pour lire l&rsquo;article depuis sa source.<\/a><\/p>\n","protected":false},"excerpt":{"rendered":"<p>Marrakech \u2013 \u00ab\u00a0Le management : entre agilit\u00e9 et innovation\u00a0\u00bb est le th\u00e8me de la 5\u00e8me \u00e9dition du Colloque international de Recherche en Economie et Gestion \u00ab\u00a0CIREG\u00a0\u00bb, dont les travaux ont d\u00e9marr\u00e9, jeudi \u00e0 Marrakech, avec la participation de chercheurs, praticiens et professionnels, nationaux et internationaux, issus de diff\u00e9rentes disciplines relevant des sciences sociales (gestion, finances, [&hellip;]<\/p>\n","protected":false},"author":1788,"featured_media":0,"comment_status":"closed","ping_status":"closed","sticky":false,"template":"","format":"standard","meta":{"fifu_image_url":"","fifu_image_alt":"","footnotes":""},"categories":[54,76],"tags":[],"class_list":["post-69393","post","type-post","status-publish","format-standard","hentry","category-maroc","category-regions"],"_links":{"self":[{"href":"https:\/\/linitiative.ca\/International\/wp-json\/wp\/v2\/posts\/69393","targetHints":{"allow":["GET"]}}],"collection":[{"href":"https:\/\/linitiative.ca\/International\/wp-json\/wp\/v2\/posts"}],"about":[{"href":"https:\/\/linitiative.ca\/International\/wp-json\/wp\/v2\/types\/post"}],"author":[{"embeddable":true,"href":"https:\/\/linitiative.ca\/International\/wp-json\/wp\/v2\/users\/1788"}],"replies":[{"embeddable":true,"href":"https:\/\/linitiative.ca\/International\/wp-json\/wp\/v2\/comments?post=69393"}],"version-history":[{"count":0,"href":"https:\/\/linitiative.ca\/International\/wp-json\/wp\/v2\/posts\/69393\/revisions"}],"wp:attachment":[{"href":"https:\/\/linitiative.ca\/International\/wp-json\/wp\/v2\/media?parent=69393"}],"wp:term":[{"taxonomy":"category","embeddable":true,"href":"https:\/\/linitiative.ca\/International\/wp-json\/wp\/v2\/categories?post=69393"},{"taxonomy":"post_tag","embeddable":true,"href":"https:\/\/linitiative.ca\/International\/wp-json\/wp\/v2\/tags?post=69393"}],"curies":[{"name":"wp","href":"https:\/\/api.w.org\/{rel}","templated":true}]}}