{"id":69395,"date":"2019-12-05T12:16:56","date_gmt":"2019-12-05T17:16:56","guid":{"rendered":"https:\/\/linitiative.ca\/International\/la-cooperation-arabe-dassurance-une-source-dinspiration\/"},"modified":"2019-12-05T12:16:56","modified_gmt":"2019-12-05T17:16:56","slug":"la-cooperation-arabe-dassurance-une-source-dinspiration","status":"publish","type":"post","link":"https:\/\/linitiative.ca\/International\/la-cooperation-arabe-dassurance-une-source-dinspiration\/","title":{"rendered":"La coop\u00e9ration arabe d\u2019assurance, une source d\u2019inspiration"},"content":{"rendered":"<div readability=\"41\">\n<p>Marrakech \u2013 Le pr\u00e9sident de la F\u00e9d\u00e9ration Marocaine des Soci\u00e9t\u00e9s d\u2019Assurances et de R\u00e9assurance (FMSAR), M. Mohamed Hassan Bensalah a soulign\u00e9, jeudi \u00e0 Marrakech, que si le partage des exp\u00e9riences et des expertises entre r\u00e9gulateurs arabes est important, la coop\u00e9ration entre les diff\u00e9rents march\u00e9s d\u2019assurance dans la r\u00e9gion arabe est tout aussi importante et repr\u00e9sente, de ce fait, une grande source d\u2019inspiration et de force.<\/p>\n<\/div>\n<div readability=\"174\">\n<p>Intervenant \u00e0 l\u2019ouverture des travaux de la 4\u00e8me Conf\u00e9rence de l\u2019Union Arabe des Contr\u00f4leurs d\u2019Assurances (AUIRC), initi\u00e9e sous le th\u00e8me \u00ab\u00a0D\u00e9fis de la r\u00e9gulation du secteur des assurances dans la r\u00e9gion MENA\u00a0\u00bb, M. Bensalah a indiqu\u00e9 que le secteur marocain des assurances est tr\u00e8s actif dans la promotion de la coop\u00e9ration internationale, en particulier avec les pays arabes et africains, citant \u00e0 titre d\u2019exemple la coop\u00e9ration exemplaire et fructueuse entre les r\u00e9gulateurs et les march\u00e9s des assurances au Maroc et en Tunisie.<\/p>\n<p>Il a, en outre, fait savoir que depuis la derni\u00e8re Conf\u00e9rence de l\u2019AUIRC tenue dans le Royaume, le march\u00e9 marocain a consid\u00e9rablement \u00e9volu\u00e9, enregistrant une hausse de 55% des primes \u00e9mises entre 2013 et 2018, ajoutant que la solvabilit\u00e9 des compagnies d\u2019assurances nationales a \u00e9t\u00e9, en m\u00eame temps, consid\u00e9rablement renforc\u00e9e.<\/p>\n<p>Dans ce sens, M. Bensalah a relev\u00e9 que la transformation du d\u00e9partement de la r\u00e9gulation du secteur en une Autorit\u00e9 autonome a \u00e9galement jou\u00e9 un r\u00f4le essentiel dans l\u2019\u00e9volution du march\u00e9 national des assurances.<\/p>\n<p>\u00ab\u00a0Notre croissance reste forte et d\u00e9passe celle de l\u2019\u00e9conomie nationale. Elle tire principalement sa force de l\u2019assurance vie, qui repr\u00e9sente -avec 44% des primes \u00e9mises en 2018- notre premier segment, devant l\u2019assurance automobile\u00a0\u00bb, a-t-il encha\u00een\u00e9, pr\u00e9cisant que les entreprises marocaines s\u2019emploient activement \u00e0 moderniser leurs structures, dont certaines ont d\u00e9velopp\u00e9 leurs activit\u00e9s dans plusieurs pays africains, o\u00f9 elles occupent souvent une position de leader sur le march\u00e9.<\/p>\n<p>Tous ces d\u00e9veloppements, s\u2019est-il f\u00e9licit\u00e9, ont \u00ab\u00a0fait de notre march\u00e9 le premier du monde arabe en termes de taux de p\u00e9n\u00e9tration, et le deuxi\u00e8me en Afrique, en termes de primes \u00e9mises\u00a0\u00bb, relevant, toutefois, que malgr\u00e9 toutes ces performances, il reste beaucoup \u00e0 faire.<\/p>\n<p>Et M. Bensalah de soutenir que \u00ab\u00a0l\u2019une de nos priorit\u00e9s est de concevoir une offre pour les communaut\u00e9s sans couverture, qui ferait \u00e9galement partie de la strat\u00e9gie nationale d\u2019inclusion financi\u00e8re\u00a0\u00bb, lanc\u00e9e par le gouvernement.<\/p>\n<p>\u00ab\u00a0A cet \u00e9gard, nous avons men\u00e9, avec notre Autorit\u00e9 de contr\u00f4le et le minist\u00e8re des Finances, une vaste \u00e9tude dont les recommandations devraient nous permettre de mieux saisir les besoins des diff\u00e9rentes cat\u00e9gories de la population et de mettre en place des produits et des canaux de distribution adapt\u00e9s\u00a0\u00bb, a-t-il expliqu\u00e9, tout en se f\u00e9licitant que la FMSAR ait r\u00e9ussi, avec l\u2019ACAPS et le minist\u00e8re des Finances, \u00e0 faire avancer le projet de loi relatif \u00e0 la couverture des cons\u00e9quences d\u2019\u00e9v\u00e9nements catastrophiques, qui entrera en vigueur le 1er janvier 2020.<\/p>\n<p>Il a aussi fait remarquer que l\u2019ann\u00e9e 2020 marquera une autre \u00e9tape importante pour ce secteur au Maroc, puisque l\u2019assurance \u00ab\u00a0Takaful\u00a0\u00bb compl\u00e9tera le syst\u00e8me national de financement participatif, gr\u00e2ce \u00e0 l\u2019introduction de nouveaux acteurs sp\u00e9cialis\u00e9s sur le march\u00e9.<\/p>\n<p>Rappelant que les r\u00e9gulateurs et les acteurs du march\u00e9 des assurances doivent travailler la main dans la main pour assurer un d\u00e9veloppement harmonieux, M. Bensalah a indiqu\u00e9 que \u00ab\u00a0tous ces d\u00e9veloppements sont r\u00e9alis\u00e9s dans le cadre d\u2019une approche progressive, partag\u00e9e et coordonn\u00e9e avec notre Autorit\u00e9 de Contr\u00f4le\u00a0\u00bb.<\/p>\n<p>\u00ab\u00a0C\u2019est cette approche de partenariat et de compr\u00e9hension des contraintes des diff\u00e9rentes parties qui devrait guider la relation entre les Autorit\u00e9s de contr\u00f4le et les acteurs du march\u00e9\u00a0\u00bb, a-t-il affirm\u00e9, se disant convaincu de la capacit\u00e9 de l\u2019industrie des assurances \u00e0 b\u00e2tir un secteur fort et r\u00e9silient, qui joue pleinement son r\u00f4le en termes de couverture et de soutien, dans un monde qui vit l\u2019une des p\u00e9riodes les plus instables de l\u2019Histoire moderne.<\/p>\n<p>Pour sa part, Mme Malene Duncan, repr\u00e9sentante de l\u2019Association internationale des Contr\u00f4leurs d\u2019assurances (International Association of Insurance Supervisors\/IAIS), a tenu \u00e0 remercier l\u2019ACAPS et l\u2019AUIRC pour l\u2019organisation de cette Conf\u00e9rence, tout en passant en revue les r\u00e9alisations accomplies, l\u2019ann\u00e9e \u00e9coul\u00e9e, par l\u2019IAIS qui, a-t-elle dit, constituent les fondements des plans de l\u2019Association pour l\u2019ann\u00e9e en cours et les prochaines ann\u00e9es.<\/p>\n<p>Mme Duncan a expliqu\u00e9 que ces r\u00e9alisations repr\u00e9sentent le fruit de plusieurs ann\u00e9es de dur labeur et de coop\u00e9ration \u00e9troite en vue de renforcer les engagements partag\u00e9s pour promouvoir un secteur des assurances sain, stable, juste et \u00e9quitable pour la protection des assur\u00e9s.<\/p>\n<p>Elle a, en outre, mis en exergue la mise en place d\u2019une vision d\u2019avenir \u00e0 travers l\u2019adoption, en juin dernier, du Plan strat\u00e9gique et des perspectives financi\u00e8res 2020-2024, soulignant que ce nouveau Plan vise \u00e0 soutenir et \u00e0 permettre \u00e0 la communaut\u00e9 mondiale des Contr\u00f4leurs d\u2019assurances de suivre le rythme et de r\u00e9agir de mani\u00e8re proactive \u00e0 un environnement en mutation perp\u00e9tuelle et rapide.<\/p>\n<p>Dans ce cadre, elle a expliqu\u00e9 que l\u2019IAIS a identifi\u00e9 des sujets sp\u00e9cifiques qui pr\u00e9sentent des risques, des d\u00e9fis et des opportunit\u00e9s pour les Contr\u00f4leurs tels que la FinTech, les risques climatiques, la durabilit\u00e9 et l\u2019inclusion financi\u00e8re, notant que ce sont des questions \u00e0 l\u2019ordre du jour des agendas de tous les Contr\u00f4leurs d\u2019assurances du monde entier, mais elles rev\u00eatent une importance plus particuli\u00e8re pour les Contr\u00f4leurs au niveau de la r\u00e9gion MENA.<\/p>\n<p>La 4\u00e8me Conf\u00e9rence de l\u2019AUIRC, qui r\u00e9unit r\u00e9gulateurs et op\u00e9rateurs des secteurs de l\u2019assurance de la r\u00e9gion MENA, se veut une plateforme appropri\u00e9e d\u2019\u00e9change et de d\u00e9bat autour des questions relatives \u00e0 la r\u00e9glementation et au d\u00e9veloppement des march\u00e9s de l\u2019assurance et de la r\u00e9assurance dans la r\u00e9gion.<\/p>\n<p>Outre cette s\u00e9ance pl\u00e9ni\u00e8re, le programme de cette Rencontre d\u2019envergure pr\u00e9voit des panels traitant de plusieurs th\u00e8mes : \u00ab\u00a0Paysage r\u00e9gional : d\u00e9fis et opportunit\u00e9s\u00a0\u00bb, \u00ab\u00a0La supervision : facteur de d\u00e9veloppement des march\u00e9s de l\u2019assurance\u00a0\u00bb et \u00ab\u00a0Education financi\u00e8re et protection des assur\u00e9s\u00a0\u00bb.<\/p>\n<\/div>\n<p>Auteur: Meriem IGASS<br \/>\n<a href=\"http:\/\/www.mapmarrakech.ma\/fr\/la-cooperation-arabe-dassurance-une-source-dinspiration-et-de-force\/\">Cliquez ici pour lire l&rsquo;article depuis sa source.<\/a><\/p>\n","protected":false},"excerpt":{"rendered":"<p>Marrakech \u2013 Le pr\u00e9sident de la F\u00e9d\u00e9ration Marocaine des Soci\u00e9t\u00e9s d\u2019Assurances et de R\u00e9assurance (FMSAR), M. Mohamed Hassan Bensalah a soulign\u00e9, jeudi \u00e0 Marrakech, que si le partage des exp\u00e9riences et des expertises entre r\u00e9gulateurs arabes est important, la coop\u00e9ration entre les diff\u00e9rents march\u00e9s d\u2019assurance dans la r\u00e9gion arabe est tout aussi importante et repr\u00e9sente, [&hellip;]<\/p>\n","protected":false},"author":1788,"featured_media":0,"comment_status":"closed","ping_status":"closed","sticky":false,"template":"","format":"standard","meta":{"fifu_image_url":"","fifu_image_alt":"","footnotes":""},"categories":[54,76],"tags":[],"class_list":["post-69395","post","type-post","status-publish","format-standard","hentry","category-maroc","category-regions"],"_links":{"self":[{"href":"https:\/\/linitiative.ca\/International\/wp-json\/wp\/v2\/posts\/69395","targetHints":{"allow":["GET"]}}],"collection":[{"href":"https:\/\/linitiative.ca\/International\/wp-json\/wp\/v2\/posts"}],"about":[{"href":"https:\/\/linitiative.ca\/International\/wp-json\/wp\/v2\/types\/post"}],"author":[{"embeddable":true,"href":"https:\/\/linitiative.ca\/International\/wp-json\/wp\/v2\/users\/1788"}],"replies":[{"embeddable":true,"href":"https:\/\/linitiative.ca\/International\/wp-json\/wp\/v2\/comments?post=69395"}],"version-history":[{"count":0,"href":"https:\/\/linitiative.ca\/International\/wp-json\/wp\/v2\/posts\/69395\/revisions"}],"wp:attachment":[{"href":"https:\/\/linitiative.ca\/International\/wp-json\/wp\/v2\/media?parent=69395"}],"wp:term":[{"taxonomy":"category","embeddable":true,"href":"https:\/\/linitiative.ca\/International\/wp-json\/wp\/v2\/categories?post=69395"},{"taxonomy":"post_tag","embeddable":true,"href":"https:\/\/linitiative.ca\/International\/wp-json\/wp\/v2\/tags?post=69395"}],"curies":[{"name":"wp","href":"https:\/\/api.w.org\/{rel}","templated":true}]}}